
{"id":107331,"date":"2023-01-19T19:11:44","date_gmt":"2023-01-19T22:11:44","guid":{"rendered":"https:\/\/www.sudoestehoje.com.br\/novoportal\/?p=107331"},"modified":"2023-01-19T19:11:44","modified_gmt":"2023-01-19T22:11:44","slug":"americanas-pede-recuperacao-judicial-e-quer-manter-lojas-em-funcionamento","status":"publish","type":"post","link":"https:\/\/www.sudoestehoje.com.br\/novoportal\/2023\/01\/19\/americanas-pede-recuperacao-judicial-e-quer-manter-lojas-em-funcionamento\/","title":{"rendered":"AMERICANAS PEDE RECUPERA\u00c7\u00c3O JUDICIAL E QUER MANTER LOJAS EM FUNCIONAMENTO"},"content":{"rendered":"<p><a href=\"https:\/\/www.sudoestehoje.com.br\/novoportal\/wp-content\/uploads\/2023\/01\/WhatsApp-Image-2023-01-19-at-19.09.25.jpeg\"><img loading=\"lazy\" decoding=\"async\" class=\"aligncenter size-medium wp-image-107335\" src=\"https:\/\/www.sudoestehoje.com.br\/novoportal\/wp-content\/uploads\/2023\/01\/WhatsApp-Image-2023-01-19-at-19.09.25-500x307.jpeg\" alt=\"\" width=\"500\" height=\"307\" srcset=\"https:\/\/www.sudoestehoje.com.br\/novoportal\/wp-content\/uploads\/2023\/01\/WhatsApp-Image-2023-01-19-at-19.09.25-500x307.jpeg 500w, https:\/\/www.sudoestehoje.com.br\/novoportal\/wp-content\/uploads\/2023\/01\/WhatsApp-Image-2023-01-19-at-19.09.25-700x430.jpeg 700w, https:\/\/www.sudoestehoje.com.br\/novoportal\/wp-content\/uploads\/2023\/01\/WhatsApp-Image-2023-01-19-at-19.09.25-768x472.jpeg 768w, https:\/\/www.sudoestehoje.com.br\/novoportal\/wp-content\/uploads\/2023\/01\/WhatsApp-Image-2023-01-19-at-19.09.25-1536x944.jpeg 1536w, https:\/\/www.sudoestehoje.com.br\/novoportal\/wp-content\/uploads\/2023\/01\/WhatsApp-Image-2023-01-19-at-19.09.25.jpeg 1575w\" sizes=\"auto, (max-width: 500px) 100vw, 500px\" \/><\/a><\/p>\n<p>A Americanas entrou com pedido de recupera\u00e7\u00e3o judicial nesta quinta-feira no Tribunal de Justi\u00e7a do Rio de Janeiro. O pedido foi feito em car\u00e1ter de urg\u00eancia.<\/p>\n<p>No in\u00edcio da manh\u00e3, a empresa j\u00e1 havia alertado que, devido ao tombo no caixa, reduzido a R$ 800 milh\u00f5es, poderia pedir recupera\u00e7\u00e3o judicial dentro dias ou mesmo horas.<\/p>\n<p>A empresa informou que o valor total de sua d\u00edvida \u00e9 de cerca de R$ 43 bilh\u00f5es e conta com 16.300 credores. A lista desses credores ser\u00e1 apresentada em 48 horas.<\/p>\n<p>Os acionistas de refer\u00eancia da Americanas \u2014 Jorge Paulo Lemann, Marcel Telles e Carlos Alberto Sicupira, do 3G Capital \u2014 pretendem manter a liquidez da companhia em patamares que permitam <strong>o bom funcionamento da opera\u00e7\u00e3o de todas as lojas<\/strong>, do seu canal digital, da americanas.com , da Ame e suas demais coligadas, informou a Americanas em comunicado enviado \u00e0 Comiss\u00e3o de Valores Mobili\u00e1rios.<\/p>\n<p>Mergulhada em uma crise iniciada h\u00e1 uma semana, desde a divulga\u00e7\u00e3o de inconsist\u00eancias cont\u00e1beis no valor de R$ 20 bilh\u00f5es no balan\u00e7o de 2022 e anos anteriores, a Americanas vinha tentando negociar um acordo com os credores que pudesse evitar o pedido de prote\u00e7\u00e3o \u00e0 Justi\u00e7a.<\/p>\n","protected":false},"excerpt":{"rendered":"<p>A Americanas entrou com pedido de recupera\u00e7\u00e3o judicial nesta quinta-feira no Tribunal de Justi\u00e7a do Rio de Janeiro. O pedido foi feito em car\u00e1ter de urg\u00eancia. No in\u00edcio da manh\u00e3, a empresa j\u00e1 havia alertado que, devido ao tombo no caixa, reduzido a R$ 800 milh\u00f5es, poderia pedir recupera\u00e7\u00e3o judicial dentro dias ou mesmo horas. [&hellip;]<\/p>\n","protected":false},"author":2,"featured_media":107335,"comment_status":"open","ping_status":"open","sticky":false,"template":"","format":"standard","meta":{"footnotes":"","_links_to":"","_links_to_target":""},"categories":[1],"tags":[],"class_list":["post-107331","post","type-post","status-publish","format-standard","has-post-thumbnail","hentry","category-geral"],"views":722,"_links":{"self":[{"href":"https:\/\/www.sudoestehoje.com.br\/novoportal\/wp-json\/wp\/v2\/posts\/107331","targetHints":{"allow":["GET"]}}],"collection":[{"href":"https:\/\/www.sudoestehoje.com.br\/novoportal\/wp-json\/wp\/v2\/posts"}],"about":[{"href":"https:\/\/www.sudoestehoje.com.br\/novoportal\/wp-json\/wp\/v2\/types\/post"}],"author":[{"embeddable":true,"href":"https:\/\/www.sudoestehoje.com.br\/novoportal\/wp-json\/wp\/v2\/users\/2"}],"replies":[{"embeddable":true,"href":"https:\/\/www.sudoestehoje.com.br\/novoportal\/wp-json\/wp\/v2\/comments?post=107331"}],"version-history":[{"count":5,"href":"https:\/\/www.sudoestehoje.com.br\/novoportal\/wp-json\/wp\/v2\/posts\/107331\/revisions"}],"predecessor-version":[{"id":107337,"href":"https:\/\/www.sudoestehoje.com.br\/novoportal\/wp-json\/wp\/v2\/posts\/107331\/revisions\/107337"}],"wp:featuredmedia":[{"embeddable":true,"href":"https:\/\/www.sudoestehoje.com.br\/novoportal\/wp-json\/wp\/v2\/media\/107335"}],"wp:attachment":[{"href":"https:\/\/www.sudoestehoje.com.br\/novoportal\/wp-json\/wp\/v2\/media?parent=107331"}],"wp:term":[{"taxonomy":"category","embeddable":true,"href":"https:\/\/www.sudoestehoje.com.br\/novoportal\/wp-json\/wp\/v2\/categories?post=107331"},{"taxonomy":"post_tag","embeddable":true,"href":"https:\/\/www.sudoestehoje.com.br\/novoportal\/wp-json\/wp\/v2\/tags?post=107331"}],"curies":[{"name":"wp","href":"https:\/\/api.w.org\/{rel}","templated":true}]}}