
{"id":107327,"date":"2023-01-19T16:27:48","date_gmt":"2023-01-19T19:27:48","guid":{"rendered":"https:\/\/www.sudoestehoje.com.br\/novoportal\/?p=107327"},"modified":"2023-01-19T16:29:48","modified_gmt":"2023-01-19T19:29:48","slug":"argentino-que-matou-mais-de-20-pessoas-na-bahia-e-preso-em-minas-gerais","status":"publish","type":"post","link":"https:\/\/www.sudoestehoje.com.br\/novoportal\/2023\/01\/19\/argentino-que-matou-mais-de-20-pessoas-na-bahia-e-preso-em-minas-gerais\/","title":{"rendered":"ARGENTINO QUE MATOU MAIS DE 20 PESSOAS NA BAHIA \u00c9 PRESO EM MINAS GERAIS"},"content":{"rendered":"<p><a href=\"https:\/\/www.sudoestehoje.com.br\/novoportal\/wp-content\/uploads\/2023\/01\/csm_argentino_8785b591d8.webp\"><img loading=\"lazy\" decoding=\"async\" class=\"aligncenter size-medium wp-image-107328\" src=\"https:\/\/www.sudoestehoje.com.br\/novoportal\/wp-content\/uploads\/2023\/01\/csm_argentino_8785b591d8-500x281.webp\" alt=\"\" width=\"500\" height=\"281\" srcset=\"https:\/\/www.sudoestehoje.com.br\/novoportal\/wp-content\/uploads\/2023\/01\/csm_argentino_8785b591d8-500x281.webp 500w, https:\/\/www.sudoestehoje.com.br\/novoportal\/wp-content\/uploads\/2023\/01\/csm_argentino_8785b591d8-700x394.webp 700w, https:\/\/www.sudoestehoje.com.br\/novoportal\/wp-content\/uploads\/2023\/01\/csm_argentino_8785b591d8-768x432.webp 768w, https:\/\/www.sudoestehoje.com.br\/novoportal\/wp-content\/uploads\/2023\/01\/csm_argentino_8785b591d8.webp 940w\" sizes=\"auto, (max-width: 500px) 100vw, 500px\" \/><\/a><\/p>\n<p class=\"bodytext\">Um argentino foi preso em Minas Gerais nesta quarta-feira (18) ap\u00f3s ser investigado por matar mais de 20 pessoas em diversas cidades da Bahia. Os crimes ocorreram em anos diferentes.<\/p>\n<p class=\"bodytext\">O homem se chama Vitor Gabriel da Silva Amaral e realizou mortes em v\u00e1rios munic\u00edpios do estado, como\u00a0<strong>V\u00e1rzea da Ro\u00e7a, S\u00e3o Jos\u00e9 do Jacu\u00edpe, V\u00e1rzea do Po\u00e7o, Serrol\u00e2ndia, Jacobina, Caldeir\u00e3o Grande e Sa\u00fade<\/strong>. Em 2021, o argentino matou duas pessoas na cidade de <strong>Mairi<\/strong>, no norte da Bahia.<\/p>\n<p>De acordo com a Pol\u00edcia Civil, o homem j\u00e1 fugiu para outros estados ap\u00f3s cometer crimes, como Cear\u00e1, Goi\u00e1s e S\u00e3o Paulo. Segundo o delegado Paulo Victor Muniz Ferreira Magalh\u00e3es, titular da Delegacia de Mairi, o argentino praticava homic\u00eddios desde os 13 anos. \u201cEle \u00e9 membro de uma organiza\u00e7\u00e3o criminosa com atua\u00e7\u00e3o no tr\u00e1fico de drogas na regi\u00e3o da Bacia do Jacu\u00edpe e na Chapada Diamantina\u201d, explica.<\/p>\n<p>Para localizar o fugitivo, policiais de Minas Gerais, Distrito Federal trabalharam em conjunto com a 91\u00aa Companhia Independente de Pol\u00edcia Militar (CIPM\/Capim Grosso). Ele ser\u00e1 encaminhado de volta \u00e0 Bahia e ficar\u00e1 custodiado \u00e0 disposi\u00e7\u00e3o do Poder Judici\u00e1rio.<\/p>\n","protected":false},"excerpt":{"rendered":"<p>Um argentino foi preso em Minas Gerais nesta quarta-feira (18) ap\u00f3s ser investigado por matar mais de 20 pessoas em diversas cidades da Bahia. Os crimes ocorreram em anos diferentes. O homem se chama Vitor Gabriel da Silva Amaral e realizou mortes em v\u00e1rios munic\u00edpios do estado, como\u00a0V\u00e1rzea da Ro\u00e7a, S\u00e3o Jos\u00e9 do Jacu\u00edpe, V\u00e1rzea [&hellip;]<\/p>\n","protected":false},"author":2,"featured_media":107328,"comment_status":"open","ping_status":"open","sticky":false,"template":"","format":"standard","meta":{"footnotes":"","_links_to":"","_links_to_target":""},"categories":[1],"tags":[],"class_list":["post-107327","post","type-post","status-publish","format-standard","has-post-thumbnail","hentry","category-geral"],"views":831,"_links":{"self":[{"href":"https:\/\/www.sudoestehoje.com.br\/novoportal\/wp-json\/wp\/v2\/posts\/107327","targetHints":{"allow":["GET"]}}],"collection":[{"href":"https:\/\/www.sudoestehoje.com.br\/novoportal\/wp-json\/wp\/v2\/posts"}],"about":[{"href":"https:\/\/www.sudoestehoje.com.br\/novoportal\/wp-json\/wp\/v2\/types\/post"}],"author":[{"embeddable":true,"href":"https:\/\/www.sudoestehoje.com.br\/novoportal\/wp-json\/wp\/v2\/users\/2"}],"replies":[{"embeddable":true,"href":"https:\/\/www.sudoestehoje.com.br\/novoportal\/wp-json\/wp\/v2\/comments?post=107327"}],"version-history":[{"count":2,"href":"https:\/\/www.sudoestehoje.com.br\/novoportal\/wp-json\/wp\/v2\/posts\/107327\/revisions"}],"predecessor-version":[{"id":107330,"href":"https:\/\/www.sudoestehoje.com.br\/novoportal\/wp-json\/wp\/v2\/posts\/107327\/revisions\/107330"}],"wp:featuredmedia":[{"embeddable":true,"href":"https:\/\/www.sudoestehoje.com.br\/novoportal\/wp-json\/wp\/v2\/media\/107328"}],"wp:attachment":[{"href":"https:\/\/www.sudoestehoje.com.br\/novoportal\/wp-json\/wp\/v2\/media?parent=107327"}],"wp:term":[{"taxonomy":"category","embeddable":true,"href":"https:\/\/www.sudoestehoje.com.br\/novoportal\/wp-json\/wp\/v2\/categories?post=107327"},{"taxonomy":"post_tag","embeddable":true,"href":"https:\/\/www.sudoestehoje.com.br\/novoportal\/wp-json\/wp\/v2\/tags?post=107327"}],"curies":[{"name":"wp","href":"https:\/\/api.w.org\/{rel}","templated":true}]}}