
{"id":107322,"date":"2023-01-19T16:14:45","date_gmt":"2023-01-19T19:14:45","guid":{"rendered":"https:\/\/www.sudoestehoje.com.br\/novoportal\/?p=107322"},"modified":"2023-01-19T16:14:45","modified_gmt":"2023-01-19T19:14:45","slug":"governo-confirma-salario-minimo-de-r-1-302-reais-lula-havia-prometido-r-1-320","status":"publish","type":"post","link":"https:\/\/www.sudoestehoje.com.br\/novoportal\/2023\/01\/19\/governo-confirma-salario-minimo-de-r-1-302-reais-lula-havia-prometido-r-1-320\/","title":{"rendered":"GOVERNO CONFIRMA SAL\u00c1RIO M\u00cdNIMO DE R$ 1.302 REAIS; LULA HAVIA PROMETIDO R$ 1.320"},"content":{"rendered":"<p><a href=\"https:\/\/www.sudoestehoje.com.br\/novoportal\/wp-content\/uploads\/2023\/01\/2-536-600x400-1.webp\"><img loading=\"lazy\" decoding=\"async\" class=\"aligncenter size-medium wp-image-107325\" src=\"https:\/\/www.sudoestehoje.com.br\/novoportal\/wp-content\/uploads\/2023\/01\/2-536-600x400-1-500x333.webp\" alt=\"\" width=\"500\" height=\"333\" srcset=\"https:\/\/www.sudoestehoje.com.br\/novoportal\/wp-content\/uploads\/2023\/01\/2-536-600x400-1-500x333.webp 500w, https:\/\/www.sudoestehoje.com.br\/novoportal\/wp-content\/uploads\/2023\/01\/2-536-600x400-1.webp 600w\" sizes=\"auto, (max-width: 500px) 100vw, 500px\" \/><\/a><\/p>\n<p>Nesta quarta-feira, 18, o\u00a0Governo Federal\u00a0confirmou o sal\u00e1rio m\u00ednimo para 2023 e de acordo com o an\u00fancio do ministro do Trabalho e Emprego,Luiz Marinho, o valor deve ficar em<strong> R$ 1.302,00. <\/strong><\/p>\n<p>Durante a campanha eleitoral de 2022, o presidente\u00a0<strong>Luiz In\u00e1cio Lula da Silva<\/strong>\u00a0(PT) fez a promessa de um reajuste que chegaria a R$ 1.320,00, valor acima da infla\u00e7\u00e3o. Em uma reuni\u00e3o com frentes sindicais, o presidente e o ministro receberam a proposta de reajustar o sal\u00e1rio m\u00ednimo em R$ 1.343,00.<\/p>\n<p>Mas, o Governo Federal firmou que \u00e9 imposs\u00edvel promover este aumento neste momento.<\/p>\n","protected":false},"excerpt":{"rendered":"<p>Nesta quarta-feira, 18, o\u00a0Governo Federal\u00a0confirmou o sal\u00e1rio m\u00ednimo para 2023 e de acordo com o an\u00fancio do ministro do Trabalho e Emprego,Luiz Marinho, o valor deve ficar em R$ 1.302,00. Durante a campanha eleitoral de 2022, o presidente\u00a0Luiz In\u00e1cio Lula da Silva\u00a0(PT) fez a promessa de um reajuste que chegaria a R$ 1.320,00, valor acima [&hellip;]<\/p>\n","protected":false},"author":2,"featured_media":107325,"comment_status":"open","ping_status":"open","sticky":false,"template":"","format":"standard","meta":{"footnotes":"","_links_to":"","_links_to_target":""},"categories":[1],"tags":[],"class_list":["post-107322","post","type-post","status-publish","format-standard","has-post-thumbnail","hentry","category-geral"],"views":660,"_links":{"self":[{"href":"https:\/\/www.sudoestehoje.com.br\/novoportal\/wp-json\/wp\/v2\/posts\/107322","targetHints":{"allow":["GET"]}}],"collection":[{"href":"https:\/\/www.sudoestehoje.com.br\/novoportal\/wp-json\/wp\/v2\/posts"}],"about":[{"href":"https:\/\/www.sudoestehoje.com.br\/novoportal\/wp-json\/wp\/v2\/types\/post"}],"author":[{"embeddable":true,"href":"https:\/\/www.sudoestehoje.com.br\/novoportal\/wp-json\/wp\/v2\/users\/2"}],"replies":[{"embeddable":true,"href":"https:\/\/www.sudoestehoje.com.br\/novoportal\/wp-json\/wp\/v2\/comments?post=107322"}],"version-history":[{"count":3,"href":"https:\/\/www.sudoestehoje.com.br\/novoportal\/wp-json\/wp\/v2\/posts\/107322\/revisions"}],"predecessor-version":[{"id":107326,"href":"https:\/\/www.sudoestehoje.com.br\/novoportal\/wp-json\/wp\/v2\/posts\/107322\/revisions\/107326"}],"wp:featuredmedia":[{"embeddable":true,"href":"https:\/\/www.sudoestehoje.com.br\/novoportal\/wp-json\/wp\/v2\/media\/107325"}],"wp:attachment":[{"href":"https:\/\/www.sudoestehoje.com.br\/novoportal\/wp-json\/wp\/v2\/media?parent=107322"}],"wp:term":[{"taxonomy":"category","embeddable":true,"href":"https:\/\/www.sudoestehoje.com.br\/novoportal\/wp-json\/wp\/v2\/categories?post=107322"},{"taxonomy":"post_tag","embeddable":true,"href":"https:\/\/www.sudoestehoje.com.br\/novoportal\/wp-json\/wp\/v2\/tags?post=107322"}],"curies":[{"name":"wp","href":"https:\/\/api.w.org\/{rel}","templated":true}]}}