
{"id":107318,"date":"2023-01-19T16:00:58","date_gmt":"2023-01-19T19:00:58","guid":{"rendered":"https:\/\/www.sudoestehoje.com.br\/novoportal\/?p=107318"},"modified":"2023-01-19T16:00:58","modified_gmt":"2023-01-19T19:00:58","slug":"contribuicao-do-mei-subira-para-r-6510","status":"publish","type":"post","link":"https:\/\/www.sudoestehoje.com.br\/novoportal\/2023\/01\/19\/contribuicao-do-mei-subira-para-r-6510\/","title":{"rendered":"CONTRIBUI\u00c7\u00c3O DO MEI SUBIR\u00c1 PARA R$ 65,10"},"content":{"rendered":"<div id=\"attachment_107320\" style=\"width: 510px\" class=\"wp-caption aligncenter\"><a href=\"https:\/\/www.sudoestehoje.com.br\/novoportal\/wp-content\/uploads\/2023\/01\/image_processing20230116-11986-and97m.jpeg\"><img loading=\"lazy\" decoding=\"async\" aria-describedby=\"caption-attachment-107320\" class=\"size-medium wp-image-107320\" src=\"https:\/\/www.sudoestehoje.com.br\/novoportal\/wp-content\/uploads\/2023\/01\/image_processing20230116-11986-and97m-500x299.jpeg\" alt=\"\" width=\"500\" height=\"299\" srcset=\"https:\/\/www.sudoestehoje.com.br\/novoportal\/wp-content\/uploads\/2023\/01\/image_processing20230116-11986-and97m-500x299.jpeg 500w, https:\/\/www.sudoestehoje.com.br\/novoportal\/wp-content\/uploads\/2023\/01\/image_processing20230116-11986-and97m-700x419.jpeg 700w, https:\/\/www.sudoestehoje.com.br\/novoportal\/wp-content\/uploads\/2023\/01\/image_processing20230116-11986-and97m-768x460.jpeg 768w, https:\/\/www.sudoestehoje.com.br\/novoportal\/wp-content\/uploads\/2023\/01\/image_processing20230116-11986-and97m.jpeg 800w\" sizes=\"auto, (max-width: 500px) 100vw, 500px\" \/><\/a><p id=\"caption-attachment-107320\" class=\"wp-caption-text\">Padaria Santa Tereza, a mais antiga de S\u00e3o Paulo, localizada na pra\u00e7a Doutor Jo\u00e3o Mendes.<\/p><\/div>\n<p>A manuten\u00e7\u00e3o do sal\u00e1rio m\u00ednimo em R$ 1.302 pelo menos at\u00e9 maio, anunciada na quarta-feira (18) pelo ministro do Trabalho e Emprego, Luiz Marinho, mudar\u00e1 o c\u00e1lculo da contribui\u00e7\u00e3o de microempreendedores individuais para a Previd\u00eancia Social. O valor, que subiria para R$ 66 caso vigorasse o sal\u00e1rio m\u00ednimo de R$ 1.320 estipulado pelo Or\u00e7amento, agora ficar\u00e1 em R$ 65,10.<\/p>\n<p>O aumento, de 7,43%, segue o reajuste do sal\u00e1rio m\u00ednimo, que passou de R$ 1.212 no ano passado para R$ 1.302 este ano, conforme estipulado por medida provis\u00f3ria editada em dezembro pelo governo passado.<\/p>\n<p>O reajuste valer\u00e1 apenas para os boletos com vencimento a partir de 20 de fevereiro. A cota deste m\u00eas, que vence em 20 de janeiro, continuar\u00e1 a ser paga pelo valor antigo, de R$ 60,60.<\/p>\n<p>Para os MEIs caminhoneiros, que contribuem mais para a Previd\u00eancia Social, o valor passar\u00e1 de R$ 145,44 para R$ 156,24. Caso o sal\u00e1rio m\u00ednimo passasse para R$ 1.320, o valor aumentaria para R$ 158,40.<\/p>\n","protected":false},"excerpt":{"rendered":"<p>A manuten\u00e7\u00e3o do sal\u00e1rio m\u00ednimo em R$ 1.302 pelo menos at\u00e9 maio, anunciada na quarta-feira (18) pelo ministro do Trabalho e Emprego, Luiz Marinho, mudar\u00e1 o c\u00e1lculo da contribui\u00e7\u00e3o de microempreendedores individuais para a Previd\u00eancia Social. O valor, que subiria para R$ 66 caso vigorasse o sal\u00e1rio m\u00ednimo de R$ 1.320 estipulado pelo Or\u00e7amento, agora [&hellip;]<\/p>\n","protected":false},"author":2,"featured_media":107320,"comment_status":"open","ping_status":"open","sticky":false,"template":"","format":"standard","meta":{"footnotes":"","_links_to":"","_links_to_target":""},"categories":[1],"tags":[],"class_list":["post-107318","post","type-post","status-publish","format-standard","has-post-thumbnail","hentry","category-geral"],"views":711,"_links":{"self":[{"href":"https:\/\/www.sudoestehoje.com.br\/novoportal\/wp-json\/wp\/v2\/posts\/107318","targetHints":{"allow":["GET"]}}],"collection":[{"href":"https:\/\/www.sudoestehoje.com.br\/novoportal\/wp-json\/wp\/v2\/posts"}],"about":[{"href":"https:\/\/www.sudoestehoje.com.br\/novoportal\/wp-json\/wp\/v2\/types\/post"}],"author":[{"embeddable":true,"href":"https:\/\/www.sudoestehoje.com.br\/novoportal\/wp-json\/wp\/v2\/users\/2"}],"replies":[{"embeddable":true,"href":"https:\/\/www.sudoestehoje.com.br\/novoportal\/wp-json\/wp\/v2\/comments?post=107318"}],"version-history":[{"count":2,"href":"https:\/\/www.sudoestehoje.com.br\/novoportal\/wp-json\/wp\/v2\/posts\/107318\/revisions"}],"predecessor-version":[{"id":107321,"href":"https:\/\/www.sudoestehoje.com.br\/novoportal\/wp-json\/wp\/v2\/posts\/107318\/revisions\/107321"}],"wp:featuredmedia":[{"embeddable":true,"href":"https:\/\/www.sudoestehoje.com.br\/novoportal\/wp-json\/wp\/v2\/media\/107320"}],"wp:attachment":[{"href":"https:\/\/www.sudoestehoje.com.br\/novoportal\/wp-json\/wp\/v2\/media?parent=107318"}],"wp:term":[{"taxonomy":"category","embeddable":true,"href":"https:\/\/www.sudoestehoje.com.br\/novoportal\/wp-json\/wp\/v2\/categories?post=107318"},{"taxonomy":"post_tag","embeddable":true,"href":"https:\/\/www.sudoestehoje.com.br\/novoportal\/wp-json\/wp\/v2\/tags?post=107318"}],"curies":[{"name":"wp","href":"https:\/\/api.w.org\/{rel}","templated":true}]}}