
{"id":107313,"date":"2023-01-19T09:28:28","date_gmt":"2023-01-19T12:28:28","guid":{"rendered":"https:\/\/www.sudoestehoje.com.br\/novoportal\/?p=107313"},"modified":"2023-01-19T09:28:28","modified_gmt":"2023-01-19T12:28:28","slug":"jeronimo-nao-garante-pagamento-do-novo-piso-salarial-aos-professores","status":"publish","type":"post","link":"https:\/\/www.sudoestehoje.com.br\/novoportal\/2023\/01\/19\/jeronimo-nao-garante-pagamento-do-novo-piso-salarial-aos-professores\/","title":{"rendered":"JER\u00d4NIMO N\u00c3O GARANTE PAGAMENTO DO NOVO PISO SALARIAL AOS PROFESSORES"},"content":{"rendered":"<p><a href=\"https:\/\/www.sudoestehoje.com.br\/novoportal\/wp-content\/uploads\/2023\/01\/csm_csm_escolas_divulgacao_1b9d69d8fb_ed62d1361f.jpeg\"><img loading=\"lazy\" decoding=\"async\" class=\"aligncenter size-medium wp-image-107315\" src=\"https:\/\/www.sudoestehoje.com.br\/novoportal\/wp-content\/uploads\/2023\/01\/csm_csm_escolas_divulgacao_1b9d69d8fb_ed62d1361f-500x281.jpeg\" alt=\"\" width=\"500\" height=\"281\" srcset=\"https:\/\/www.sudoestehoje.com.br\/novoportal\/wp-content\/uploads\/2023\/01\/csm_csm_escolas_divulgacao_1b9d69d8fb_ed62d1361f-500x281.jpeg 500w, https:\/\/www.sudoestehoje.com.br\/novoportal\/wp-content\/uploads\/2023\/01\/csm_csm_escolas_divulgacao_1b9d69d8fb_ed62d1361f-700x394.jpeg 700w, https:\/\/www.sudoestehoje.com.br\/novoportal\/wp-content\/uploads\/2023\/01\/csm_csm_escolas_divulgacao_1b9d69d8fb_ed62d1361f-768x432.jpeg 768w, https:\/\/www.sudoestehoje.com.br\/novoportal\/wp-content\/uploads\/2023\/01\/csm_csm_escolas_divulgacao_1b9d69d8fb_ed62d1361f.jpeg 940w\" sizes=\"auto, (max-width: 500px) 100vw, 500px\" \/><\/a><\/p>\n<p class=\"bodytext\">Novo ministro da Educa\u00e7\u00e3o, o cearense Camilo Santana (PT) colocou o governador Jer\u00f4nimo Rodrigues, companheiro de partido, em uma sinuca de bico ao anunciar o reajuste de \u00a014,94% no piso salarial dos professores, cujo valor passar\u00e1 de R$ 3.845 para R$ 4.405 a partir de fevereiro &#8211; acr\u00e9scimo de R$ 575 mensais.<\/p>\n<p class=\"bodytext\">Fruto de uma lei sancionada pelo presidente Lula em 2008, durante a segunda gest\u00e3o do petista, o dispositivo que instituiu o sal\u00e1rio-base a ser pago para profissionais do magist\u00e9rio por estados e munic\u00edpios vem sendo sistematicamente descumprido pelo governo da Bahia. Auditoria realizada em 2021 pelo Tribunal de Contas do Estado apontou que quase metade dos professores da rede estadual receberam remunera\u00e7\u00e3o inicial abaixo do piso .<\/p>\n<p class=\"bodytext\">O an\u00fancio do Minist\u00e9rio da Educa\u00e7\u00e3o (MEC) virou motivo para uma queda de bra\u00e7o entre a Uni\u00e3o, estados e munic\u00edpios. A decis\u00e3o foi publicada no Di\u00e1rio Oficial de ter\u00e7a-feira (17), mas entidades se manifestam contra a medida. Na Bahia, o piso anterior, R$3.845,63, j\u00e1 n\u00e3o \u00e9 pago a parte dos profissionais aposentados e professores dos graus 1 e 2.<\/p>\n<p>O Governador Jer\u00f4nimo j\u00e1 avisou que n\u00e3o vai pagar.<\/p>\n","protected":false},"excerpt":{"rendered":"<p>Novo ministro da Educa\u00e7\u00e3o, o cearense Camilo Santana (PT) colocou o governador Jer\u00f4nimo Rodrigues, companheiro de partido, em uma sinuca de bico ao anunciar o reajuste de \u00a014,94% no piso salarial dos professores, cujo valor passar\u00e1 de R$ 3.845 para R$ 4.405 a partir de fevereiro &#8211; acr\u00e9scimo de R$ 575 mensais. Fruto de uma [&hellip;]<\/p>\n","protected":false},"author":2,"featured_media":107315,"comment_status":"open","ping_status":"open","sticky":false,"template":"","format":"standard","meta":{"footnotes":"","_links_to":"","_links_to_target":""},"categories":[1],"tags":[],"class_list":["post-107313","post","type-post","status-publish","format-standard","has-post-thumbnail","hentry","category-geral"],"views":800,"_links":{"self":[{"href":"https:\/\/www.sudoestehoje.com.br\/novoportal\/wp-json\/wp\/v2\/posts\/107313","targetHints":{"allow":["GET"]}}],"collection":[{"href":"https:\/\/www.sudoestehoje.com.br\/novoportal\/wp-json\/wp\/v2\/posts"}],"about":[{"href":"https:\/\/www.sudoestehoje.com.br\/novoportal\/wp-json\/wp\/v2\/types\/post"}],"author":[{"embeddable":true,"href":"https:\/\/www.sudoestehoje.com.br\/novoportal\/wp-json\/wp\/v2\/users\/2"}],"replies":[{"embeddable":true,"href":"https:\/\/www.sudoestehoje.com.br\/novoportal\/wp-json\/wp\/v2\/comments?post=107313"}],"version-history":[{"count":3,"href":"https:\/\/www.sudoestehoje.com.br\/novoportal\/wp-json\/wp\/v2\/posts\/107313\/revisions"}],"predecessor-version":[{"id":107317,"href":"https:\/\/www.sudoestehoje.com.br\/novoportal\/wp-json\/wp\/v2\/posts\/107313\/revisions\/107317"}],"wp:featuredmedia":[{"embeddable":true,"href":"https:\/\/www.sudoestehoje.com.br\/novoportal\/wp-json\/wp\/v2\/media\/107315"}],"wp:attachment":[{"href":"https:\/\/www.sudoestehoje.com.br\/novoportal\/wp-json\/wp\/v2\/media?parent=107313"}],"wp:term":[{"taxonomy":"category","embeddable":true,"href":"https:\/\/www.sudoestehoje.com.br\/novoportal\/wp-json\/wp\/v2\/categories?post=107313"},{"taxonomy":"post_tag","embeddable":true,"href":"https:\/\/www.sudoestehoje.com.br\/novoportal\/wp-json\/wp\/v2\/tags?post=107313"}],"curies":[{"name":"wp","href":"https:\/\/api.w.org\/{rel}","templated":true}]}}