
{"id":107301,"date":"2023-01-17T19:15:45","date_gmt":"2023-01-17T22:15:45","guid":{"rendered":"https:\/\/www.sudoestehoje.com.br\/novoportal\/?p=107301"},"modified":"2023-01-17T19:15:45","modified_gmt":"2023-01-17T22:15:45","slug":"itapetinga-obra-concluida-do-governo-do-estado-continua-fechada-para-o-publico","status":"publish","type":"post","link":"https:\/\/www.sudoestehoje.com.br\/novoportal\/2023\/01\/17\/itapetinga-obra-concluida-do-governo-do-estado-continua-fechada-para-o-publico\/","title":{"rendered":"ITAPETINGA | OBRA CONCLU\u00cdDA DO GOVERNO DO ESTADO CONTINUA FECHADA PARA O P\u00daBLICO"},"content":{"rendered":"<p><a href=\"https:\/\/www.sudoestehoje.com.br\/novoportal\/wp-content\/uploads\/2023\/01\/WhatsApp-Image-2023-01-17-at-19.12.08.jpeg\"><img loading=\"lazy\" decoding=\"async\" class=\"aligncenter size-medium wp-image-107304\" src=\"https:\/\/www.sudoestehoje.com.br\/novoportal\/wp-content\/uploads\/2023\/01\/WhatsApp-Image-2023-01-17-at-19.12.08-500x281.jpeg\" alt=\"\" width=\"500\" height=\"281\" srcset=\"https:\/\/www.sudoestehoje.com.br\/novoportal\/wp-content\/uploads\/2023\/01\/WhatsApp-Image-2023-01-17-at-19.12.08-500x281.jpeg 500w, https:\/\/www.sudoestehoje.com.br\/novoportal\/wp-content\/uploads\/2023\/01\/WhatsApp-Image-2023-01-17-at-19.12.08-700x394.jpeg 700w, https:\/\/www.sudoestehoje.com.br\/novoportal\/wp-content\/uploads\/2023\/01\/WhatsApp-Image-2023-01-17-at-19.12.08-768x432.jpeg 768w, https:\/\/www.sudoestehoje.com.br\/novoportal\/wp-content\/uploads\/2023\/01\/WhatsApp-Image-2023-01-17-at-19.12.08-1536x864.jpeg 1536w, https:\/\/www.sudoestehoje.com.br\/novoportal\/wp-content\/uploads\/2023\/01\/WhatsApp-Image-2023-01-17-at-19.12.08.jpeg 1600w\" sizes=\"auto, (max-width: 500px) 100vw, 500px\" \/><\/a><\/p>\n<p>Conclu\u00edda h\u00e1 v\u00e1rios meses, a constru\u00e7\u00e3o do <strong><em>Complexo de Esportes e Lazer<\/em><\/strong>, ao lado do antigo Gin\u00e1sio de Esportes de Itapetinga, continua fechado ao p\u00fablico, sem previs\u00e3o de abertura, de acordo com fontes do governo do estado.<\/p>\n<p>A constru\u00e7\u00e3o do complexo esportivo ficou &#8216;<em>top<\/em>&#8216;, como diz a galera jovem do esporte, mas continua &#8216;<em>na vitrine&#8217;<\/em> , sem qualquer utilidade, esperando que alguma data seja agendada pelo novo mandat\u00e1rio estadual, para inaugur\u00e1-lo.<\/p>\n<p>Comenta-se nos bastidores, que uma disputa vem sendo travada entre pol\u00edticos do <strong>PT e PCdoB<\/strong>, para definir quem \u00e9 o <em>&#8220;pai da crian\u00e7a&#8221;<\/em> e quem vai indicar os cargos da administra\u00e7\u00e3o do equipamento p\u00fablico.<\/p>\n<p>Pelo que se sabe, o espa\u00e7o esportivo \u00e9 da al\u00e7ada da Secretaria Estadual do Trabalho, Emprego, Renda e Esporte (SETRE).<\/p>\n<p>Ficou bonito de dar \u00e1gua na boca, pra que gosta s\u00f3 de apreciar&#8230;<\/p>\n<p><strong><em>Por Davi Ferraz<\/em><\/strong><\/p>\n","protected":false},"excerpt":{"rendered":"<p>Conclu\u00edda h\u00e1 v\u00e1rios meses, a constru\u00e7\u00e3o do Complexo de Esportes e Lazer, ao lado do antigo Gin\u00e1sio de Esportes de Itapetinga, continua fechado ao p\u00fablico, sem previs\u00e3o de abertura, de acordo com fontes do governo do estado. A constru\u00e7\u00e3o do complexo esportivo ficou &#8216;top&#8216;, como diz a galera jovem do esporte, mas continua &#8216;na vitrine&#8217; [&hellip;]<\/p>\n","protected":false},"author":2,"featured_media":107304,"comment_status":"open","ping_status":"open","sticky":false,"template":"","format":"standard","meta":{"footnotes":"","_links_to":"","_links_to_target":""},"categories":[1],"tags":[],"class_list":["post-107301","post","type-post","status-publish","format-standard","has-post-thumbnail","hentry","category-geral"],"views":1701,"_links":{"self":[{"href":"https:\/\/www.sudoestehoje.com.br\/novoportal\/wp-json\/wp\/v2\/posts\/107301","targetHints":{"allow":["GET"]}}],"collection":[{"href":"https:\/\/www.sudoestehoje.com.br\/novoportal\/wp-json\/wp\/v2\/posts"}],"about":[{"href":"https:\/\/www.sudoestehoje.com.br\/novoportal\/wp-json\/wp\/v2\/types\/post"}],"author":[{"embeddable":true,"href":"https:\/\/www.sudoestehoje.com.br\/novoportal\/wp-json\/wp\/v2\/users\/2"}],"replies":[{"embeddable":true,"href":"https:\/\/www.sudoestehoje.com.br\/novoportal\/wp-json\/wp\/v2\/comments?post=107301"}],"version-history":[{"count":2,"href":"https:\/\/www.sudoestehoje.com.br\/novoportal\/wp-json\/wp\/v2\/posts\/107301\/revisions"}],"predecessor-version":[{"id":107305,"href":"https:\/\/www.sudoestehoje.com.br\/novoportal\/wp-json\/wp\/v2\/posts\/107301\/revisions\/107305"}],"wp:featuredmedia":[{"embeddable":true,"href":"https:\/\/www.sudoestehoje.com.br\/novoportal\/wp-json\/wp\/v2\/media\/107304"}],"wp:attachment":[{"href":"https:\/\/www.sudoestehoje.com.br\/novoportal\/wp-json\/wp\/v2\/media?parent=107301"}],"wp:term":[{"taxonomy":"category","embeddable":true,"href":"https:\/\/www.sudoestehoje.com.br\/novoportal\/wp-json\/wp\/v2\/categories?post=107301"},{"taxonomy":"post_tag","embeddable":true,"href":"https:\/\/www.sudoestehoje.com.br\/novoportal\/wp-json\/wp\/v2\/tags?post=107301"}],"curies":[{"name":"wp","href":"https:\/\/api.w.org\/{rel}","templated":true}]}}