
{"id":107297,"date":"2023-01-17T10:49:44","date_gmt":"2023-01-17T13:49:44","guid":{"rendered":"https:\/\/www.sudoestehoje.com.br\/novoportal\/?p=107297"},"modified":"2023-01-17T10:49:44","modified_gmt":"2023-01-17T13:49:44","slug":"itapetinga-secretaria-de-educacao-inicia-dialogo-com-professores-sobre-reajuste-do-piso-salarial","status":"publish","type":"post","link":"https:\/\/www.sudoestehoje.com.br\/novoportal\/2023\/01\/17\/itapetinga-secretaria-de-educacao-inicia-dialogo-com-professores-sobre-reajuste-do-piso-salarial\/","title":{"rendered":"ITAPETINGA | SECRETARIA DE EDUCA\u00c7\u00c3O INICIA DI\u00c1LOGO COM PROFESSORES SOBRE REAJUSTE DO PISO SALARIAL"},"content":{"rendered":"<p><a href=\"https:\/\/www.sudoestehoje.com.br\/novoportal\/wp-content\/uploads\/2023\/01\/professor.jpeg\"><img loading=\"lazy\" decoding=\"async\" class=\"aligncenter size-medium wp-image-107299\" src=\"https:\/\/www.sudoestehoje.com.br\/novoportal\/wp-content\/uploads\/2023\/01\/professor-500x281.jpeg\" alt=\"\" width=\"500\" height=\"281\" srcset=\"https:\/\/www.sudoestehoje.com.br\/novoportal\/wp-content\/uploads\/2023\/01\/professor-500x281.jpeg 500w, https:\/\/www.sudoestehoje.com.br\/novoportal\/wp-content\/uploads\/2023\/01\/professor-700x394.jpeg 700w, https:\/\/www.sudoestehoje.com.br\/novoportal\/wp-content\/uploads\/2023\/01\/professor-768x432.jpeg 768w, https:\/\/www.sudoestehoje.com.br\/novoportal\/wp-content\/uploads\/2023\/01\/professor.jpeg 990w\" sizes=\"auto, (max-width: 500px) 100vw, 500px\" \/><\/a><\/p>\n<p>Nesta segunda-feira, 16, o Ministro da Educa\u00e7\u00e3o, Camilo Santana anunciou o reajuste do piso salarial dos professores. Pensando em manter o di\u00e1logo que sempre regeu a sua gest\u00e3o, <strong>o secret\u00e1rio municipal F\u00e1bio Viana<\/strong> convidou a APLB para um debate sobre o tema, abordando, ainda, a sa\u00fade financeira do munic\u00edpio.<\/p>\n<p><em>\u201cA gente quer construir uma gest\u00e3o participativa, transparente, que responda aos anseios da categoria, mas sempre mantendo a responsabilidade com o er\u00e1rio p\u00fablico. Por isso, a gest\u00e3o j\u00e1 se antecipou e convidou o sindicato para come\u00e7armos um di\u00e1logo que possa respeitar o direito dos profissionais na medida das possibilidades da administra\u00e7\u00e3o\u201d,<\/em> explicou o secret\u00e1rio.<\/p>\n<p>A reuni\u00e3o foi agendada para o pr\u00f3ximo dia 27. Esta \u00e9 a primeira vez que o executivo municipal se antecede e inicia o di\u00e1logo com o sindicato, prevendo suas necessidades e buscando formas de atend\u00ea-las. <em>\u201c\u00c9 comum que a gente espere a solicita\u00e7\u00e3o da categoria para, s\u00f3 depois, buscar formas de negocia\u00e7\u00e3o. Mas, visando o in\u00edcio do ano letivo e cientes da import\u00e2ncia de uma solu\u00e7\u00e3o r\u00e1pida e eficaz para darmos continuidade ao nosso projeto de construirmos uma educa\u00e7\u00e3o de qualidade, n\u00f3s estamos adiantando o processo e j\u00e1 iniciando o di\u00e1logo, reconhecendo a essencialidade do professor em todas as esferas, certos que chegaremos a uma solu\u00e7\u00e3o que atenda aos docentes e mantenha em equil\u00edbrio toda a estrutura escolar\u201d<\/em>, concluiu o secret\u00e1rio.<\/p>\n","protected":false},"excerpt":{"rendered":"<p>Nesta segunda-feira, 16, o Ministro da Educa\u00e7\u00e3o, Camilo Santana anunciou o reajuste do piso salarial dos professores. Pensando em manter o di\u00e1logo que sempre regeu a sua gest\u00e3o, o secret\u00e1rio municipal F\u00e1bio Viana convidou a APLB para um debate sobre o tema, abordando, ainda, a sa\u00fade financeira do munic\u00edpio. \u201cA gente quer construir uma gest\u00e3o [&hellip;]<\/p>\n","protected":false},"author":2,"featured_media":107299,"comment_status":"open","ping_status":"open","sticky":false,"template":"","format":"standard","meta":{"footnotes":"","_links_to":"","_links_to_target":""},"categories":[1],"tags":[],"class_list":["post-107297","post","type-post","status-publish","format-standard","has-post-thumbnail","hentry","category-geral"],"views":706,"_links":{"self":[{"href":"https:\/\/www.sudoestehoje.com.br\/novoportal\/wp-json\/wp\/v2\/posts\/107297","targetHints":{"allow":["GET"]}}],"collection":[{"href":"https:\/\/www.sudoestehoje.com.br\/novoportal\/wp-json\/wp\/v2\/posts"}],"about":[{"href":"https:\/\/www.sudoestehoje.com.br\/novoportal\/wp-json\/wp\/v2\/types\/post"}],"author":[{"embeddable":true,"href":"https:\/\/www.sudoestehoje.com.br\/novoportal\/wp-json\/wp\/v2\/users\/2"}],"replies":[{"embeddable":true,"href":"https:\/\/www.sudoestehoje.com.br\/novoportal\/wp-json\/wp\/v2\/comments?post=107297"}],"version-history":[{"count":2,"href":"https:\/\/www.sudoestehoje.com.br\/novoportal\/wp-json\/wp\/v2\/posts\/107297\/revisions"}],"predecessor-version":[{"id":107300,"href":"https:\/\/www.sudoestehoje.com.br\/novoportal\/wp-json\/wp\/v2\/posts\/107297\/revisions\/107300"}],"wp:featuredmedia":[{"embeddable":true,"href":"https:\/\/www.sudoestehoje.com.br\/novoportal\/wp-json\/wp\/v2\/media\/107299"}],"wp:attachment":[{"href":"https:\/\/www.sudoestehoje.com.br\/novoportal\/wp-json\/wp\/v2\/media?parent=107297"}],"wp:term":[{"taxonomy":"category","embeddable":true,"href":"https:\/\/www.sudoestehoje.com.br\/novoportal\/wp-json\/wp\/v2\/categories?post=107297"},{"taxonomy":"post_tag","embeddable":true,"href":"https:\/\/www.sudoestehoje.com.br\/novoportal\/wp-json\/wp\/v2\/tags?post=107297"}],"curies":[{"name":"wp","href":"https:\/\/api.w.org\/{rel}","templated":true}]}}