
{"id":107279,"date":"2023-01-17T08:41:25","date_gmt":"2023-01-17T11:41:25","guid":{"rendered":"https:\/\/www.sudoestehoje.com.br\/novoportal\/?p=107279"},"modified":"2023-01-17T08:41:25","modified_gmt":"2023-01-17T11:41:25","slug":"oeste-trabalhador-morre-soterrado-em-silo-de-soja-em-fazenda-na-bahia","status":"publish","type":"post","link":"https:\/\/www.sudoestehoje.com.br\/novoportal\/2023\/01\/17\/oeste-trabalhador-morre-soterrado-em-silo-de-soja-em-fazenda-na-bahia\/","title":{"rendered":"OESTE | TRABALHADOR MORRE SOTERRADO EM SILO DE SOJA EM FAZENDA NA BAHIA"},"content":{"rendered":"<div id=\"chunk-bdnij\">\n<div class=\"mc-column content-text active-extra-styles \" data-block-type=\"unstyled\" data-block-weight=\"46\" data-block-id=\"3\">\n<p data-track-category=\"Link no Texto\" data-track-links=\"\"><a href=\"https:\/\/www.sudoestehoje.com.br\/novoportal\/wp-content\/uploads\/2023\/01\/whatsapp-image-2023-01-17-at-05.59.28.webp\"><img loading=\"lazy\" decoding=\"async\" class=\"aligncenter size-medium wp-image-107280\" src=\"https:\/\/www.sudoestehoje.com.br\/novoportal\/wp-content\/uploads\/2023\/01\/whatsapp-image-2023-01-17-at-05.59.28-500x376.webp\" alt=\"\" width=\"500\" height=\"376\" srcset=\"https:\/\/www.sudoestehoje.com.br\/novoportal\/wp-content\/uploads\/2023\/01\/whatsapp-image-2023-01-17-at-05.59.28-500x376.webp 500w, https:\/\/www.sudoestehoje.com.br\/novoportal\/wp-content\/uploads\/2023\/01\/whatsapp-image-2023-01-17-at-05.59.28-700x526.webp 700w, https:\/\/www.sudoestehoje.com.br\/novoportal\/wp-content\/uploads\/2023\/01\/whatsapp-image-2023-01-17-at-05.59.28-768x578.webp 768w, https:\/\/www.sudoestehoje.com.br\/novoportal\/wp-content\/uploads\/2023\/01\/whatsapp-image-2023-01-17-at-05.59.28.webp 984w\" sizes=\"auto, (max-width: 500px) 100vw, 500px\" \/><\/a><\/p>\n<p class=\"content-text__container \" data-track-category=\"Link no Texto\" data-track-links=\"\">Um trabalhador de 27 anos morreu soterrado em um silo de farelo de soja \u2013 esp\u00e9cie de reservat\u00f3rio onde gr\u00e3os s\u00e3o armazenados fora dos sacos. O caso aconteceu na manh\u00e3 de segunda-feira (16), em uma fazenda na cidade de\u00a0<a href=\"https:\/\/g1.globo.com\/ba\/bahia\/cidade\/luis-eduardo-magalhaes\/\">Lu\u00eds Eduardo Magalh\u00e3es<\/a>, no oeste da Bahia.<\/p>\n<\/div>\n<\/div>\n<div class=\"wall protected-content\">\n<div id=\"chunk-5d4se\">\n<div class=\"mc-column content-text active-extra-styles \" data-block-type=\"unstyled\" data-block-weight=\"34\" data-block-id=\"4\">\n<p class=\"content-text__container \" data-track-category=\"Link no Texto\" data-track-links=\"\">O corpo da v\u00edtima, que ainda n\u00e3o teve identidade divulgada, foi resgatado pelos bombeiros. Trabalhadores locais informaram que o jovem fazia a manuten\u00e7\u00e3o do dep\u00f3sito, que armazenava cerca de 400 toneladas do farelo.<\/p>\n<div id=\"chunk-3mel0\">\n<div class=\"mc-column content-text active-extra-styles \" data-block-type=\"unstyled\" data-block-weight=\"46\" data-block-id=\"7\">\n<p class=\"content-text__container \" data-track-category=\"Link no Texto\" data-track-links=\"\">De acordo com o Corpo de Bombeiros, as testemunhas contaram que a v\u00edtima teria entrado, por iniciativa pr\u00f3pria, sem equipamentos de prote\u00e7\u00e3o individual. Essa vers\u00e3o ser\u00e1 investigada pela Pol\u00edcia Civil. Ap\u00f3s entrar no local, o jovem foi sugado pela gravidade do sistema de escoamento do silo.<\/p>\n<\/div>\n<\/div>\n<div id=\"chunk-69v5t\">\n<div class=\"mc-column content-text active-extra-styles \" data-block-type=\"unstyled\" data-block-weight=\"49\" data-block-id=\"8\">\n<p class=\"content-text__container \" data-track-category=\"Link no Texto\" data-track-links=\"\">Os bombeiros detalharam que foi necess\u00e1rio cerca de seis horas para retirar as toneladas de farelo do local, para assim fazer o resgate do corpo da v\u00edtima.<\/p>\n<\/div>\n<\/div>\n<\/div>\n<\/div>\n<\/div>\n","protected":false},"excerpt":{"rendered":"<p>Um trabalhador de 27 anos morreu soterrado em um silo de farelo de soja \u2013 esp\u00e9cie de reservat\u00f3rio onde gr\u00e3os s\u00e3o armazenados fora dos sacos. O caso aconteceu na manh\u00e3 de segunda-feira (16), em uma fazenda na cidade de\u00a0Lu\u00eds Eduardo Magalh\u00e3es, no oeste da Bahia. O corpo da v\u00edtima, que ainda n\u00e3o teve identidade divulgada, [&hellip;]<\/p>\n","protected":false},"author":2,"featured_media":107280,"comment_status":"open","ping_status":"open","sticky":false,"template":"","format":"standard","meta":{"footnotes":"","_links_to":"","_links_to_target":""},"categories":[1],"tags":[],"class_list":["post-107279","post","type-post","status-publish","format-standard","has-post-thumbnail","hentry","category-geral"],"views":690,"_links":{"self":[{"href":"https:\/\/www.sudoestehoje.com.br\/novoportal\/wp-json\/wp\/v2\/posts\/107279","targetHints":{"allow":["GET"]}}],"collection":[{"href":"https:\/\/www.sudoestehoje.com.br\/novoportal\/wp-json\/wp\/v2\/posts"}],"about":[{"href":"https:\/\/www.sudoestehoje.com.br\/novoportal\/wp-json\/wp\/v2\/types\/post"}],"author":[{"embeddable":true,"href":"https:\/\/www.sudoestehoje.com.br\/novoportal\/wp-json\/wp\/v2\/users\/2"}],"replies":[{"embeddable":true,"href":"https:\/\/www.sudoestehoje.com.br\/novoportal\/wp-json\/wp\/v2\/comments?post=107279"}],"version-history":[{"count":1,"href":"https:\/\/www.sudoestehoje.com.br\/novoportal\/wp-json\/wp\/v2\/posts\/107279\/revisions"}],"predecessor-version":[{"id":107281,"href":"https:\/\/www.sudoestehoje.com.br\/novoportal\/wp-json\/wp\/v2\/posts\/107279\/revisions\/107281"}],"wp:featuredmedia":[{"embeddable":true,"href":"https:\/\/www.sudoestehoje.com.br\/novoportal\/wp-json\/wp\/v2\/media\/107280"}],"wp:attachment":[{"href":"https:\/\/www.sudoestehoje.com.br\/novoportal\/wp-json\/wp\/v2\/media?parent=107279"}],"wp:term":[{"taxonomy":"category","embeddable":true,"href":"https:\/\/www.sudoestehoje.com.br\/novoportal\/wp-json\/wp\/v2\/categories?post=107279"},{"taxonomy":"post_tag","embeddable":true,"href":"https:\/\/www.sudoestehoje.com.br\/novoportal\/wp-json\/wp\/v2\/tags?post=107279"}],"curies":[{"name":"wp","href":"https:\/\/api.w.org\/{rel}","templated":true}]}}