
{"id":107253,"date":"2023-01-16T10:18:45","date_gmt":"2023-01-16T13:18:45","guid":{"rendered":"https:\/\/www.sudoestehoje.com.br\/novoportal\/?p=107253"},"modified":"2023-01-16T10:18:45","modified_gmt":"2023-01-16T13:18:45","slug":"brasil-americanas-pode-fechar-80-lojas-menos-eficientes-na-bahia","status":"publish","type":"post","link":"https:\/\/www.sudoestehoje.com.br\/novoportal\/2023\/01\/16\/brasil-americanas-pode-fechar-80-lojas-menos-eficientes-na-bahia\/","title":{"rendered":"BRASIL | AMERICANAS PODE FECHAR 80 LOJAS &#8216;MENOS EFICIENTES&#8217; NA BAHIA"},"content":{"rendered":"<p><a href=\"https:\/\/www.sudoestehoje.com.br\/novoportal\/wp-content\/uploads\/2023\/01\/Ameaca.webp\"><img loading=\"lazy\" decoding=\"async\" class=\"aligncenter size-medium wp-image-107254\" src=\"https:\/\/www.sudoestehoje.com.br\/novoportal\/wp-content\/uploads\/2023\/01\/Ameaca-500x281.webp\" alt=\"\" width=\"500\" height=\"281\" srcset=\"https:\/\/www.sudoestehoje.com.br\/novoportal\/wp-content\/uploads\/2023\/01\/Ameaca-500x281.webp 500w, https:\/\/www.sudoestehoje.com.br\/novoportal\/wp-content\/uploads\/2023\/01\/Ameaca-700x394.webp 700w, https:\/\/www.sudoestehoje.com.br\/novoportal\/wp-content\/uploads\/2023\/01\/Ameaca-768x432.webp 768w, https:\/\/www.sudoestehoje.com.br\/novoportal\/wp-content\/uploads\/2023\/01\/Ameaca.webp 1280w\" sizes=\"auto, (max-width: 500px) 100vw, 500px\" \/><\/a><\/p>\n<p>Ap\u00f3s a crise do rombo de R$ 20 bilh\u00f5es no balan\u00e7o das Americanas, muita gente pergunta se a empresa vai fechar. Na sexta-feira, houve uma decis\u00e3o da Justi\u00e7a que menciona uma potencial d\u00edvida de R$ 40 bilh\u00f5es e aponta para um pedido de recupera\u00e7\u00e3o judicial.<\/p>\n<p>O que vai acontecer agora \u00c9 poss\u00edvel que as Americanas pe\u00e7am recupera\u00e7\u00e3o judicial. Nessa situa\u00e7\u00e3o, a empresa \u00e9 autorizada pela Justi\u00e7a a suspender o pagamento de d\u00edvidas.\u00a0Mas para isso ela tem de apresentar um programa de recupera\u00e7\u00e3o financeira.<\/p>\n<p>Se o programa n\u00e3o for cumprido, sua fal\u00eancia pode ser decretada. A empresa tem se reunido com credores para negociar alguma sa\u00edda.<\/p>\n<p>Seja qual for a solu\u00e7\u00e3o, a empresa vai apertar o cinto e buscar ficar mais enxuta para economizar. O investimento tende a diminuir, assim como o capital de giro.<\/p>\n<p>Com isso, as Americanas podem ter uma redu\u00e7\u00e3o em seu estoque e no n\u00famero de fornecedores. Ainda nessa frente, as possibilidades <strong>incluem fechamento de lojas menos eficientes e venda de bens<\/strong>.<\/p>\n<p>Na Bahia, a Americanas conta com cerca de 110 lojas f\u00edsicas e as primeiras estimativas \u00e9 de que<strong> 80 delas ser\u00e3o fechadas.<\/strong><\/p>\n<p><strong><em>Reda\u00e7\u00e3o SH<\/em><\/strong><\/p>\n","protected":false},"excerpt":{"rendered":"<p>Ap\u00f3s a crise do rombo de R$ 20 bilh\u00f5es no balan\u00e7o das Americanas, muita gente pergunta se a empresa vai fechar. Na sexta-feira, houve uma decis\u00e3o da Justi\u00e7a que menciona uma potencial d\u00edvida de R$ 40 bilh\u00f5es e aponta para um pedido de recupera\u00e7\u00e3o judicial. O que vai acontecer agora \u00c9 poss\u00edvel que as Americanas [&hellip;]<\/p>\n","protected":false},"author":2,"featured_media":107254,"comment_status":"open","ping_status":"open","sticky":false,"template":"","format":"standard","meta":{"footnotes":"","_links_to":"","_links_to_target":""},"categories":[1],"tags":[],"class_list":["post-107253","post","type-post","status-publish","format-standard","has-post-thumbnail","hentry","category-geral"],"views":1104,"_links":{"self":[{"href":"https:\/\/www.sudoestehoje.com.br\/novoportal\/wp-json\/wp\/v2\/posts\/107253","targetHints":{"allow":["GET"]}}],"collection":[{"href":"https:\/\/www.sudoestehoje.com.br\/novoportal\/wp-json\/wp\/v2\/posts"}],"about":[{"href":"https:\/\/www.sudoestehoje.com.br\/novoportal\/wp-json\/wp\/v2\/types\/post"}],"author":[{"embeddable":true,"href":"https:\/\/www.sudoestehoje.com.br\/novoportal\/wp-json\/wp\/v2\/users\/2"}],"replies":[{"embeddable":true,"href":"https:\/\/www.sudoestehoje.com.br\/novoportal\/wp-json\/wp\/v2\/comments?post=107253"}],"version-history":[{"count":2,"href":"https:\/\/www.sudoestehoje.com.br\/novoportal\/wp-json\/wp\/v2\/posts\/107253\/revisions"}],"predecessor-version":[{"id":107256,"href":"https:\/\/www.sudoestehoje.com.br\/novoportal\/wp-json\/wp\/v2\/posts\/107253\/revisions\/107256"}],"wp:featuredmedia":[{"embeddable":true,"href":"https:\/\/www.sudoestehoje.com.br\/novoportal\/wp-json\/wp\/v2\/media\/107254"}],"wp:attachment":[{"href":"https:\/\/www.sudoestehoje.com.br\/novoportal\/wp-json\/wp\/v2\/media?parent=107253"}],"wp:term":[{"taxonomy":"category","embeddable":true,"href":"https:\/\/www.sudoestehoje.com.br\/novoportal\/wp-json\/wp\/v2\/categories?post=107253"},{"taxonomy":"post_tag","embeddable":true,"href":"https:\/\/www.sudoestehoje.com.br\/novoportal\/wp-json\/wp\/v2\/tags?post=107253"}],"curies":[{"name":"wp","href":"https:\/\/api.w.org\/{rel}","templated":true}]}}