
{"id":107250,"date":"2023-01-16T09:31:16","date_gmt":"2023-01-16T12:31:16","guid":{"rendered":"https:\/\/www.sudoestehoje.com.br\/novoportal\/?p=107250"},"modified":"2023-01-16T17:24:12","modified_gmt":"2023-01-16T20:24:12","slug":"governador-de-sao-paulo-atoriza-venda-de-carros-sem-ipva-quitado","status":"publish","type":"post","link":"https:\/\/www.sudoestehoje.com.br\/novoportal\/2023\/01\/16\/governador-de-sao-paulo-atoriza-venda-de-carros-sem-ipva-quitado\/","title":{"rendered":"GOVERNADOR DE S\u00c3O PAULO AUTORIZA VENDA DE CARROS SEM IPVA QUITADO"},"content":{"rendered":"<p><a href=\"https:\/\/www.sudoestehoje.com.br\/novoportal\/wp-content\/uploads\/2023\/01\/original-06004e086c7680b6af5f913c02c7918f-740x450-1.jpg\"><img loading=\"lazy\" decoding=\"async\" class=\"aligncenter size-medium wp-image-107251\" src=\"https:\/\/www.sudoestehoje.com.br\/novoportal\/wp-content\/uploads\/2023\/01\/original-06004e086c7680b6af5f913c02c7918f-740x450-1-500x304.jpg\" alt=\"\" width=\"500\" height=\"304\" srcset=\"https:\/\/www.sudoestehoje.com.br\/novoportal\/wp-content\/uploads\/2023\/01\/original-06004e086c7680b6af5f913c02c7918f-740x450-1-500x304.jpg 500w, https:\/\/www.sudoestehoje.com.br\/novoportal\/wp-content\/uploads\/2023\/01\/original-06004e086c7680b6af5f913c02c7918f-740x450-1-700x426.jpg 700w, https:\/\/www.sudoestehoje.com.br\/novoportal\/wp-content\/uploads\/2023\/01\/original-06004e086c7680b6af5f913c02c7918f-740x450-1.jpg 740w\" sizes=\"auto, (max-width: 500px) 100vw, 500px\" \/><\/a><\/p>\n<p>A pedido de concession\u00e1rias e revendas, o governador Tarc\u00edsio de Freitas (Republicanos) voltou a autorizar a transfer\u00eancia de ve\u00edculos em S\u00e3o Paulo mesmo sem o IPVA (Imposto sobre Propriedades de Ve\u00edculos Automotores) quitado.<\/p>\n<p>Publicada no Di\u00e1rio Oficial de S\u00e3o Paulo nesta sexta-feira (13\/1), a medida de Tarc\u00edsio revoga parte de decreto do ex-governador Rodrigo Garcia (PSDB), de dezembro de 2022, que impedia a comercializa\u00e7\u00e3o de ve\u00edculos com parcelas do IPVA abertas ou a vencer.<\/p>\n<p>Retroativo, o efeito da autoriza\u00e7\u00e3o \u00e9 v\u00e1lido a partir de 1 de janeiro de 2023. Segundo o governador de S\u00e3o Paulo, o objetivo seria desburocratizar a revenda de carros e simplificar o neg\u00f3cio entre particulares.<\/p>\n<p>\u201cEliminamos uma barreira que impedia a comercializa\u00e7\u00e3o e transfer\u00eancia de ve\u00edculos. Esse decreto vai gerar um impacto positivo em termos de arrecada\u00e7\u00e3o e vai ser muito importante para a popula\u00e7\u00e3o e para o setor\u201d, disse Tarc\u00edsio.<\/p>\n","protected":false},"excerpt":{"rendered":"<p>A pedido de concession\u00e1rias e revendas, o governador Tarc\u00edsio de Freitas (Republicanos) voltou a autorizar a transfer\u00eancia de ve\u00edculos em S\u00e3o Paulo mesmo sem o IPVA (Imposto sobre Propriedades de Ve\u00edculos Automotores) quitado. Publicada no Di\u00e1rio Oficial de S\u00e3o Paulo nesta sexta-feira (13\/1), a medida de Tarc\u00edsio revoga parte de decreto do ex-governador Rodrigo Garcia [&hellip;]<\/p>\n","protected":false},"author":2,"featured_media":107251,"comment_status":"open","ping_status":"open","sticky":false,"template":"","format":"standard","meta":{"footnotes":"","_links_to":"","_links_to_target":""},"categories":[1],"tags":[],"class_list":["post-107250","post","type-post","status-publish","format-standard","has-post-thumbnail","hentry","category-geral"],"views":633,"_links":{"self":[{"href":"https:\/\/www.sudoestehoje.com.br\/novoportal\/wp-json\/wp\/v2\/posts\/107250","targetHints":{"allow":["GET"]}}],"collection":[{"href":"https:\/\/www.sudoestehoje.com.br\/novoportal\/wp-json\/wp\/v2\/posts"}],"about":[{"href":"https:\/\/www.sudoestehoje.com.br\/novoportal\/wp-json\/wp\/v2\/types\/post"}],"author":[{"embeddable":true,"href":"https:\/\/www.sudoestehoje.com.br\/novoportal\/wp-json\/wp\/v2\/users\/2"}],"replies":[{"embeddable":true,"href":"https:\/\/www.sudoestehoje.com.br\/novoportal\/wp-json\/wp\/v2\/comments?post=107250"}],"version-history":[{"count":2,"href":"https:\/\/www.sudoestehoje.com.br\/novoportal\/wp-json\/wp\/v2\/posts\/107250\/revisions"}],"predecessor-version":[{"id":107257,"href":"https:\/\/www.sudoestehoje.com.br\/novoportal\/wp-json\/wp\/v2\/posts\/107250\/revisions\/107257"}],"wp:featuredmedia":[{"embeddable":true,"href":"https:\/\/www.sudoestehoje.com.br\/novoportal\/wp-json\/wp\/v2\/media\/107251"}],"wp:attachment":[{"href":"https:\/\/www.sudoestehoje.com.br\/novoportal\/wp-json\/wp\/v2\/media?parent=107250"}],"wp:term":[{"taxonomy":"category","embeddable":true,"href":"https:\/\/www.sudoestehoje.com.br\/novoportal\/wp-json\/wp\/v2\/categories?post=107250"},{"taxonomy":"post_tag","embeddable":true,"href":"https:\/\/www.sudoestehoje.com.br\/novoportal\/wp-json\/wp\/v2\/tags?post=107250"}],"curies":[{"name":"wp","href":"https:\/\/api.w.org\/{rel}","templated":true}]}}