
{"id":107229,"date":"2023-01-13T11:56:09","date_gmt":"2023-01-13T14:56:09","guid":{"rendered":"https:\/\/www.sudoestehoje.com.br\/novoportal\/?p=107229"},"modified":"2023-01-13T11:56:09","modified_gmt":"2023-01-13T14:56:09","slug":"brasil-vei-da-havan-diz-que-ja-comprou-4-halicopteros-em-6-meses-e-que-trocou-um-deles-por-chocolate","status":"publish","type":"post","link":"https:\/\/www.sudoestehoje.com.br\/novoportal\/2023\/01\/13\/brasil-vei-da-havan-diz-que-ja-comprou-4-halicopteros-em-6-meses-e-que-trocou-um-deles-por-chocolate\/","title":{"rendered":"BRASIL | &#8216;V\u00c9I DA HAVAN&#8217; DIZ QUE J\u00c1 COMPROU 4 HALIC\u00d3PTEROS EM 6 MESES E QUE TROCOU UM DELES POR CHOCOLATE"},"content":{"rendered":"<p><a href=\"https:\/\/www.sudoestehoje.com.br\/novoportal\/wp-content\/uploads\/2023\/01\/hang-chocohgeli-1024x683-1.jpg\"><img loading=\"lazy\" decoding=\"async\" class=\"aligncenter size-medium wp-image-107231\" src=\"https:\/\/www.sudoestehoje.com.br\/novoportal\/wp-content\/uploads\/2023\/01\/hang-chocohgeli-1024x683-1-500x333.jpg\" alt=\"\" width=\"500\" height=\"333\" srcset=\"https:\/\/www.sudoestehoje.com.br\/novoportal\/wp-content\/uploads\/2023\/01\/hang-chocohgeli-1024x683-1-500x333.jpg 500w, https:\/\/www.sudoestehoje.com.br\/novoportal\/wp-content\/uploads\/2023\/01\/hang-chocohgeli-1024x683-1-700x467.jpg 700w, https:\/\/www.sudoestehoje.com.br\/novoportal\/wp-content\/uploads\/2023\/01\/hang-chocohgeli-1024x683-1-768x512.jpg 768w, https:\/\/www.sudoestehoje.com.br\/novoportal\/wp-content\/uploads\/2023\/01\/hang-chocohgeli-1024x683-1.jpg 1024w\" sizes=\"auto, (max-width: 500px) 100vw, 500px\" \/><\/a><\/p>\n<p>Sempre muito presente nas redes sociais, o empres\u00e1rio do varejo Luciano Hang, conhecido popularmente como o \u201cVeio da Havan\u201d, gosta de compartilhar as hist\u00f3rias de sua trajet\u00f3ria e de sua rede de lojas. Num v\u00eddeo publicado nesta quinta-feira (12), por exemplo, ele fala novamente sobre a frota de aeronaves de sua empresa.<\/p>\n<p>Atualmente, a Havan possui uma grande frota de avi\u00f5es e helic\u00f3pteros, que s\u00e3o usados por Hang e sua equipe em deslocamentos pelo pa\u00eds, com objetivo de escolher novos locais para pontos de venda, acompanhar obras ou fazer inaugura\u00e7\u00f5es.<\/p>\n<p>Segundo Hang, a hist\u00f3ria das aeronaves na frota da empresa come\u00e7ou em 2007, quando ele diz que precisava de agilidade para cumprir as m\u00faltiplas tarefas de sua organiza\u00e7\u00e3o em franco crescimento. Ele conta que, nessa \u00e9poca, chegou a comprar quatro helic\u00f3pteros em seis meses.<\/p>\n","protected":false},"excerpt":{"rendered":"<p>Sempre muito presente nas redes sociais, o empres\u00e1rio do varejo Luciano Hang, conhecido popularmente como o \u201cVeio da Havan\u201d, gosta de compartilhar as hist\u00f3rias de sua trajet\u00f3ria e de sua rede de lojas. Num v\u00eddeo publicado nesta quinta-feira (12), por exemplo, ele fala novamente sobre a frota de aeronaves de sua empresa. Atualmente, a Havan [&hellip;]<\/p>\n","protected":false},"author":2,"featured_media":107231,"comment_status":"open","ping_status":"open","sticky":false,"template":"","format":"standard","meta":{"footnotes":"","_links_to":"","_links_to_target":""},"categories":[1],"tags":[],"class_list":["post-107229","post","type-post","status-publish","format-standard","has-post-thumbnail","hentry","category-geral"],"views":795,"_links":{"self":[{"href":"https:\/\/www.sudoestehoje.com.br\/novoportal\/wp-json\/wp\/v2\/posts\/107229","targetHints":{"allow":["GET"]}}],"collection":[{"href":"https:\/\/www.sudoestehoje.com.br\/novoportal\/wp-json\/wp\/v2\/posts"}],"about":[{"href":"https:\/\/www.sudoestehoje.com.br\/novoportal\/wp-json\/wp\/v2\/types\/post"}],"author":[{"embeddable":true,"href":"https:\/\/www.sudoestehoje.com.br\/novoportal\/wp-json\/wp\/v2\/users\/2"}],"replies":[{"embeddable":true,"href":"https:\/\/www.sudoestehoje.com.br\/novoportal\/wp-json\/wp\/v2\/comments?post=107229"}],"version-history":[{"count":3,"href":"https:\/\/www.sudoestehoje.com.br\/novoportal\/wp-json\/wp\/v2\/posts\/107229\/revisions"}],"predecessor-version":[{"id":107233,"href":"https:\/\/www.sudoestehoje.com.br\/novoportal\/wp-json\/wp\/v2\/posts\/107229\/revisions\/107233"}],"wp:featuredmedia":[{"embeddable":true,"href":"https:\/\/www.sudoestehoje.com.br\/novoportal\/wp-json\/wp\/v2\/media\/107231"}],"wp:attachment":[{"href":"https:\/\/www.sudoestehoje.com.br\/novoportal\/wp-json\/wp\/v2\/media?parent=107229"}],"wp:term":[{"taxonomy":"category","embeddable":true,"href":"https:\/\/www.sudoestehoje.com.br\/novoportal\/wp-json\/wp\/v2\/categories?post=107229"},{"taxonomy":"post_tag","embeddable":true,"href":"https:\/\/www.sudoestehoje.com.br\/novoportal\/wp-json\/wp\/v2\/tags?post=107229"}],"curies":[{"name":"wp","href":"https:\/\/api.w.org\/{rel}","templated":true}]}}