
{"id":107225,"date":"2023-01-13T11:24:33","date_gmt":"2023-01-13T14:24:33","guid":{"rendered":"https:\/\/www.sudoestehoje.com.br\/novoportal\/?p=107225"},"modified":"2023-01-13T11:24:33","modified_gmt":"2023-01-13T14:24:33","slug":"itapetinga-nova-alameda-rui-barbosa-moderniza-o-centro-comercial","status":"publish","type":"post","link":"https:\/\/www.sudoestehoje.com.br\/novoportal\/2023\/01\/13\/itapetinga-nova-alameda-rui-barbosa-moderniza-o-centro-comercial\/","title":{"rendered":"ITAPETINGA | NOVA ALAMEDA RUI BARBOSA MODERNIZA O CENTRO COMERCIAL"},"content":{"rendered":"<p><a href=\"https:\/\/www.sudoestehoje.com.br\/novoportal\/wp-content\/uploads\/2023\/01\/WhatsApp-Image-2023-01-13-at-11.20.49.jpeg\"><img loading=\"lazy\" decoding=\"async\" class=\"aligncenter size-medium wp-image-107227\" src=\"https:\/\/www.sudoestehoje.com.br\/novoportal\/wp-content\/uploads\/2023\/01\/WhatsApp-Image-2023-01-13-at-11.20.49-500x282.jpeg\" alt=\"\" width=\"500\" height=\"282\" srcset=\"https:\/\/www.sudoestehoje.com.br\/novoportal\/wp-content\/uploads\/2023\/01\/WhatsApp-Image-2023-01-13-at-11.20.49-500x282.jpeg 500w, https:\/\/www.sudoestehoje.com.br\/novoportal\/wp-content\/uploads\/2023\/01\/WhatsApp-Image-2023-01-13-at-11.20.49-700x394.jpeg 700w, https:\/\/www.sudoestehoje.com.br\/novoportal\/wp-content\/uploads\/2023\/01\/WhatsApp-Image-2023-01-13-at-11.20.49-768x432.jpeg 768w, https:\/\/www.sudoestehoje.com.br\/novoportal\/wp-content\/uploads\/2023\/01\/WhatsApp-Image-2023-01-13-at-11.20.49-1536x865.jpeg 1536w, https:\/\/www.sudoestehoje.com.br\/novoportal\/wp-content\/uploads\/2023\/01\/WhatsApp-Image-2023-01-13-at-11.20.49.jpeg 1600w\" sizes=\"auto, (max-width: 500px) 100vw, 500px\" \/><\/a><\/p>\n<p>Com a recente revitaliza\u00e7\u00e3o implementada pela prefeitura , a Alameda Rui Barbosa transformou a centro comercial de Itapetinga, modernizando o espa\u00e7o mais concorrido do com\u00e9rcio local.<\/p>\n<p>Restando alguns detalhes para a sua conclus\u00e3o, a &#8216;nova alameda&#8217; agradou em cheio, facilitando a mobilidade no centro da cidade.<\/p>\n<p>De acordo com a Secretaria de Infraestrutura, as obras de de revitaliza\u00e7\u00e3o do centro comercial da cidade devem continuar neste in\u00edcio de 2023, alargando cal\u00e7adas e criando mais uma alameda em rua central.<\/p>\n<p><em><strong>Por Davi Ferraz\u00a0<\/strong><\/em><\/p>\n","protected":false},"excerpt":{"rendered":"<p>Com a recente revitaliza\u00e7\u00e3o implementada pela prefeitura , a Alameda Rui Barbosa transformou a centro comercial de Itapetinga, modernizando o espa\u00e7o mais concorrido do com\u00e9rcio local. Restando alguns detalhes para a sua conclus\u00e3o, a &#8216;nova alameda&#8217; agradou em cheio, facilitando a mobilidade no centro da cidade. De acordo com a Secretaria de Infraestrutura, as obras [&hellip;]<\/p>\n","protected":false},"author":2,"featured_media":107227,"comment_status":"open","ping_status":"open","sticky":false,"template":"","format":"standard","meta":{"footnotes":"","_links_to":"","_links_to_target":""},"categories":[1],"tags":[],"class_list":["post-107225","post","type-post","status-publish","format-standard","has-post-thumbnail","hentry","category-geral"],"views":1649,"_links":{"self":[{"href":"https:\/\/www.sudoestehoje.com.br\/novoportal\/wp-json\/wp\/v2\/posts\/107225","targetHints":{"allow":["GET"]}}],"collection":[{"href":"https:\/\/www.sudoestehoje.com.br\/novoportal\/wp-json\/wp\/v2\/posts"}],"about":[{"href":"https:\/\/www.sudoestehoje.com.br\/novoportal\/wp-json\/wp\/v2\/types\/post"}],"author":[{"embeddable":true,"href":"https:\/\/www.sudoestehoje.com.br\/novoportal\/wp-json\/wp\/v2\/users\/2"}],"replies":[{"embeddable":true,"href":"https:\/\/www.sudoestehoje.com.br\/novoportal\/wp-json\/wp\/v2\/comments?post=107225"}],"version-history":[{"count":1,"href":"https:\/\/www.sudoestehoje.com.br\/novoportal\/wp-json\/wp\/v2\/posts\/107225\/revisions"}],"predecessor-version":[{"id":107228,"href":"https:\/\/www.sudoestehoje.com.br\/novoportal\/wp-json\/wp\/v2\/posts\/107225\/revisions\/107228"}],"wp:featuredmedia":[{"embeddable":true,"href":"https:\/\/www.sudoestehoje.com.br\/novoportal\/wp-json\/wp\/v2\/media\/107227"}],"wp:attachment":[{"href":"https:\/\/www.sudoestehoje.com.br\/novoportal\/wp-json\/wp\/v2\/media?parent=107225"}],"wp:term":[{"taxonomy":"category","embeddable":true,"href":"https:\/\/www.sudoestehoje.com.br\/novoportal\/wp-json\/wp\/v2\/categories?post=107225"},{"taxonomy":"post_tag","embeddable":true,"href":"https:\/\/www.sudoestehoje.com.br\/novoportal\/wp-json\/wp\/v2\/tags?post=107225"}],"curies":[{"name":"wp","href":"https:\/\/api.w.org\/{rel}","templated":true}]}}