
{"id":107217,"date":"2023-01-13T10:17:31","date_gmt":"2023-01-13T13:17:31","guid":{"rendered":"https:\/\/www.sudoestehoje.com.br\/novoportal\/?p=107217"},"modified":"2023-01-13T10:56:44","modified_gmt":"2023-01-13T13:56:44","slug":"itapetinga-comutran-encaminha-edital-para-abertura-de-licitacao-da-zona-azul","status":"publish","type":"post","link":"https:\/\/www.sudoestehoje.com.br\/novoportal\/2023\/01\/13\/itapetinga-comutran-encaminha-edital-para-abertura-de-licitacao-da-zona-azul\/","title":{"rendered":"ITAPETINGA | COMUTRAN ENCAMINHA EDITAL PARA ABERTURA DE LICITA\u00c7\u00c3O DA ZONA AZUL"},"content":{"rendered":"<p><a href=\"https:\/\/www.sudoestehoje.com.br\/novoportal\/wp-content\/uploads\/2023\/01\/WhatsApp-Image-2023-01-13-at-10.12.38.jpeg\"><img loading=\"lazy\" decoding=\"async\" class=\"aligncenter size-medium wp-image-107218\" src=\"https:\/\/www.sudoestehoje.com.br\/novoportal\/wp-content\/uploads\/2023\/01\/WhatsApp-Image-2023-01-13-at-10.12.38-500x282.jpeg\" alt=\"\" width=\"500\" height=\"282\" srcset=\"https:\/\/www.sudoestehoje.com.br\/novoportal\/wp-content\/uploads\/2023\/01\/WhatsApp-Image-2023-01-13-at-10.12.38-500x282.jpeg 500w, https:\/\/www.sudoestehoje.com.br\/novoportal\/wp-content\/uploads\/2023\/01\/WhatsApp-Image-2023-01-13-at-10.12.38-700x394.jpeg 700w, https:\/\/www.sudoestehoje.com.br\/novoportal\/wp-content\/uploads\/2023\/01\/WhatsApp-Image-2023-01-13-at-10.12.38-768x432.jpeg 768w, https:\/\/www.sudoestehoje.com.br\/novoportal\/wp-content\/uploads\/2023\/01\/WhatsApp-Image-2023-01-13-at-10.12.38-1536x865.jpeg 1536w, https:\/\/www.sudoestehoje.com.br\/novoportal\/wp-content\/uploads\/2023\/01\/WhatsApp-Image-2023-01-13-at-10.12.38.jpeg 1600w\" sizes=\"auto, (max-width: 500px) 100vw, 500px\" \/><\/a><\/p>\n<p>Nesta sexta-feira (13), o coordenador da Comutran de Itapetinga, Neto Ferraz, encaminhou \u00e0 Procuradoria Jur\u00eddica da prefeitura a minuta do Edital de Licita\u00e7\u00e3o para abertura de certame visando a implanta\u00e7\u00e3o do sistema de estacionamento rotativo no centro comercial da cidade, conhecido como <strong>&#8216;ZONA AZUL&#8217;.<\/strong><\/p>\n<p>Em contato com o <em><strong>Sudoeste Hoje<\/strong><\/em>, Neto Ferraz lembrou que o projeto da Zona Azul j\u00e1 foi aprovado pela C\u00e2mara Municipal em 2021, restando apenas a contrata\u00e7\u00e3o de empresa especializada para implanta\u00e7\u00e3o e administra\u00e7\u00e3o do sistema.<\/p>\n<p>A implanta\u00e7\u00e3o da zona Azul no centro comercial de Itapetinga tornou-se necess\u00e1ria devido aos grande fluxo de ve\u00edculo em algumas \u00e1reas e a falta de espa\u00e7os organizados para estacionamento.<\/p>\n<p><strong><em>Por Davi Ferraz<\/em><\/strong><\/p>\n","protected":false},"excerpt":{"rendered":"<p>Nesta sexta-feira (13), o coordenador da Comutran de Itapetinga, Neto Ferraz, encaminhou \u00e0 Procuradoria Jur\u00eddica da prefeitura a minuta do Edital de Licita\u00e7\u00e3o para abertura de certame visando a implanta\u00e7\u00e3o do sistema de estacionamento rotativo no centro comercial da cidade, conhecido como &#8216;ZONA AZUL&#8217;. Em contato com o Sudoeste Hoje, Neto Ferraz lembrou que o [&hellip;]<\/p>\n","protected":false},"author":2,"featured_media":107218,"comment_status":"open","ping_status":"open","sticky":false,"template":"","format":"standard","meta":{"footnotes":"","_links_to":"","_links_to_target":""},"categories":[1],"tags":[],"class_list":["post-107217","post","type-post","status-publish","format-standard","has-post-thumbnail","hentry","category-geral"],"views":725,"_links":{"self":[{"href":"https:\/\/www.sudoestehoje.com.br\/novoportal\/wp-json\/wp\/v2\/posts\/107217","targetHints":{"allow":["GET"]}}],"collection":[{"href":"https:\/\/www.sudoestehoje.com.br\/novoportal\/wp-json\/wp\/v2\/posts"}],"about":[{"href":"https:\/\/www.sudoestehoje.com.br\/novoportal\/wp-json\/wp\/v2\/types\/post"}],"author":[{"embeddable":true,"href":"https:\/\/www.sudoestehoje.com.br\/novoportal\/wp-json\/wp\/v2\/users\/2"}],"replies":[{"embeddable":true,"href":"https:\/\/www.sudoestehoje.com.br\/novoportal\/wp-json\/wp\/v2\/comments?post=107217"}],"version-history":[{"count":5,"href":"https:\/\/www.sudoestehoje.com.br\/novoportal\/wp-json\/wp\/v2\/posts\/107217\/revisions"}],"predecessor-version":[{"id":107224,"href":"https:\/\/www.sudoestehoje.com.br\/novoportal\/wp-json\/wp\/v2\/posts\/107217\/revisions\/107224"}],"wp:featuredmedia":[{"embeddable":true,"href":"https:\/\/www.sudoestehoje.com.br\/novoportal\/wp-json\/wp\/v2\/media\/107218"}],"wp:attachment":[{"href":"https:\/\/www.sudoestehoje.com.br\/novoportal\/wp-json\/wp\/v2\/media?parent=107217"}],"wp:term":[{"taxonomy":"category","embeddable":true,"href":"https:\/\/www.sudoestehoje.com.br\/novoportal\/wp-json\/wp\/v2\/categories?post=107217"},{"taxonomy":"post_tag","embeddable":true,"href":"https:\/\/www.sudoestehoje.com.br\/novoportal\/wp-json\/wp\/v2\/tags?post=107217"}],"curies":[{"name":"wp","href":"https:\/\/api.w.org\/{rel}","templated":true}]}}