
{"id":107211,"date":"2023-01-13T09:37:38","date_gmt":"2023-01-13T12:37:38","guid":{"rendered":"https:\/\/www.sudoestehoje.com.br\/novoportal\/?p=107211"},"modified":"2023-01-13T09:42:25","modified_gmt":"2023-01-13T12:42:25","slug":"pau-brasil-seis-indigenas-sao-presos-em-operacao-policial-no-sul-da-bahia","status":"publish","type":"post","link":"https:\/\/www.sudoestehoje.com.br\/novoportal\/2023\/01\/13\/pau-brasil-seis-indigenas-sao-presos-em-operacao-policial-no-sul-da-bahia\/","title":{"rendered":"PAU BRASIL | SEIS IND\u00cdGENAS S\u00c3O PRESOS EM OPERA\u00c7\u00c3O POLICIAL NO SUL DA BAHIA"},"content":{"rendered":"<div id=\"chunk-egge3\">\n<div class=\"mc-column content-text active-extra-styles \" data-block-type=\"unstyled\" data-block-weight=\"41\" data-block-id=\"3\">\n<p data-track-category=\"Link no Texto\" data-track-links=\"\"><a href=\"https:\/\/www.sudoestehoje.com.br\/novoportal\/wp-content\/uploads\/2023\/01\/whatsapp-image-2023-01-13-at-08.31.03.webp\"><img loading=\"lazy\" decoding=\"async\" class=\"aligncenter size-medium wp-image-107212\" src=\"https:\/\/www.sudoestehoje.com.br\/novoportal\/wp-content\/uploads\/2023\/01\/whatsapp-image-2023-01-13-at-08.31.03-500x446.webp\" alt=\"\" width=\"500\" height=\"446\" srcset=\"https:\/\/www.sudoestehoje.com.br\/novoportal\/wp-content\/uploads\/2023\/01\/whatsapp-image-2023-01-13-at-08.31.03-500x446.webp 500w, https:\/\/www.sudoestehoje.com.br\/novoportal\/wp-content\/uploads\/2023\/01\/whatsapp-image-2023-01-13-at-08.31.03-700x625.webp 700w, https:\/\/www.sudoestehoje.com.br\/novoportal\/wp-content\/uploads\/2023\/01\/whatsapp-image-2023-01-13-at-08.31.03-768x685.webp 768w, https:\/\/www.sudoestehoje.com.br\/novoportal\/wp-content\/uploads\/2023\/01\/whatsapp-image-2023-01-13-at-08.31.03.webp 984w\" sizes=\"auto, (max-width: 500px) 100vw, 500px\" \/><\/a><\/p>\n<p class=\"content-text__container \" data-track-category=\"Link no Texto\" data-track-links=\"\">Seis nativos da Reserva Ind\u00edgena Caramuru, na cidade de <a href=\"https:\/\/g1.globo.com\/ba\/bahia\/cidade\/pau-brasil\/\">Pau Brasil<\/a>, no sul da Bahia, foram <a href=\"https:\/\/g1.globo.com\/ba\/bahia\/noticia\/2023\/01\/12\/mandados-de-busca-e-prisao-sao-cumpridos-no-sul-da-ba-durante-operacao-em-reserva-indigena.ghtml\">presos durante a \u201cOpera\u00e7\u00e3o Arabut\u00e3\u201d<\/a>, e s\u00e3o investigados por tentativa de homic\u00eddio, tr\u00e1fico de drogas, posse ilegal de arma de fogo e outros cometidos na reserva.<\/p>\n<\/div>\n<\/div>\n<div class=\"wall protected-content\">\n<div id=\"chunk-bnkde\">\n<div class=\"mc-column content-text active-extra-styles \" data-block-type=\"unstyled\" data-block-weight=\"38\" data-block-id=\"4\">\n<p class=\"content-text__container \" data-track-category=\"Link no Texto\" data-track-links=\"\">Segundo informa\u00e7\u00f5es divulgadas pela Secretaria de Seguran\u00e7a P\u00fablica da Bahia, nesta sexta-feira (13), a a\u00e7\u00e3o foi deflagrada na quinta (12), pela 6\u00ba Coordenadoria Regional de Pol\u00edcia do Interior (Coorpin\/Itabuna), e contou com apoio de unidades da Pol\u00edcia Militar.<\/p>\n<\/div>\n<\/div>\n<div id=\"chunk-7og9t\">\n<div class=\"mc-column content-text active-extra-styles \" data-block-type=\"unstyled\" data-block-weight=\"35\" data-block-id=\"5\">\n<p class=\"content-text__container \" data-track-category=\"Link no Texto\" data-track-links=\"\">O coordenador da 6\u00ba Coorpin\/Itabuna, Evy Paternostro, informou que as ordens judiciais de busca e apreens\u00e3o foram cumpridas na Reserva Ind\u00edgena Caramuru e no Conjunto Penal de Itabuna, enquanto as pris\u00f5es somente na aldeia.<\/p>\n<p data-track-category=\"Link no Texto\" data-track-links=\"\"><a href=\"https:\/\/www.sudoestehoje.com.br\/novoportal\/wp-content\/uploads\/2023\/01\/whatsapp-image-2023-01-13-at-08.31.01.webp\"><img loading=\"lazy\" decoding=\"async\" class=\"aligncenter size-medium wp-image-107215\" src=\"https:\/\/www.sudoestehoje.com.br\/novoportal\/wp-content\/uploads\/2023\/01\/whatsapp-image-2023-01-13-at-08.31.01-500x382.webp\" alt=\"\" width=\"500\" height=\"382\" srcset=\"https:\/\/www.sudoestehoje.com.br\/novoportal\/wp-content\/uploads\/2023\/01\/whatsapp-image-2023-01-13-at-08.31.01-500x382.webp 500w, https:\/\/www.sudoestehoje.com.br\/novoportal\/wp-content\/uploads\/2023\/01\/whatsapp-image-2023-01-13-at-08.31.01-700x534.webp 700w, https:\/\/www.sudoestehoje.com.br\/novoportal\/wp-content\/uploads\/2023\/01\/whatsapp-image-2023-01-13-at-08.31.01-768x586.webp 768w, https:\/\/www.sudoestehoje.com.br\/novoportal\/wp-content\/uploads\/2023\/01\/whatsapp-image-2023-01-13-at-08.31.01.webp 984w\" sizes=\"auto, (max-width: 500px) 100vw, 500px\" \/><\/a><\/p>\n<p class=\"content-text__container \" data-track-category=\"Link no Texto\" data-track-links=\"\"><span style=\"font-family: inherit; font-size: inherit; font-style: inherit; font-variant-ligatures: inherit; font-variant-caps: inherit; font-weight: inherit; text-align: center;\">\u201cA opera\u00e7\u00e3o investiga crimes como tentativa de homic\u00eddio, tr\u00e1fico de drogas, posse ilegal de arma de fogo e outros cometidos na reserva\u201d, disse o delegado.<\/span><\/p>\n<\/div>\n<\/div>\n<div id=\"chunk-23tl9\">\n<div class=\"mc-column content-text active-extra-styles \" data-block-type=\"unstyled\" data-block-weight=\"24\" data-block-id=\"8\">\n<p class=\"content-text__container \" data-track-category=\"Link no Texto\" data-track-links=\"\">Com os investigados foram apreendidos uma pistola calibre 7,65, um rev\u00f3lver calibre 38, uma espingarda, muni\u00e7\u00f5es de diversos tipos, celulares e balan\u00e7a.<\/p>\n<\/div>\n<\/div>\n<div id=\"chunk-8u9b5\">\n<div class=\"mc-column content-text active-extra-styles \" data-block-type=\"unstyled\" data-block-weight=\"37\" data-block-id=\"9\">\n<p class=\"content-text__container \" data-track-category=\"Link no Texto\" data-track-links=\"\">Al\u00e9m do efetivo da Delegacia Territorial (DT) de Pau Brasil, participaram da opera\u00e7\u00e3o a 7\u00ba Coorpin\/Ilh\u00e9us, a 62\u00aa Companhia Independente da Pol\u00edcia Militar (CIPM\/Camac\u00e3), a Companhia Independente de Policiamento Especializado (Cipe Cacaueira) e a Rondesp Sul.<\/p>\n<\/div>\n<\/div>\n<\/div>\n","protected":false},"excerpt":{"rendered":"<p>Seis nativos da Reserva Ind\u00edgena Caramuru, na cidade de Pau Brasil, no sul da Bahia, foram presos durante a \u201cOpera\u00e7\u00e3o Arabut\u00e3\u201d, e s\u00e3o investigados por tentativa de homic\u00eddio, tr\u00e1fico de drogas, posse ilegal de arma de fogo e outros cometidos na reserva. Segundo informa\u00e7\u00f5es divulgadas pela Secretaria de Seguran\u00e7a P\u00fablica da Bahia, nesta sexta-feira (13), [&hellip;]<\/p>\n","protected":false},"author":2,"featured_media":107212,"comment_status":"open","ping_status":"open","sticky":false,"template":"","format":"standard","meta":{"footnotes":"","_links_to":"","_links_to_target":""},"categories":[1],"tags":[],"class_list":["post-107211","post","type-post","status-publish","format-standard","has-post-thumbnail","hentry","category-geral"],"views":897,"_links":{"self":[{"href":"https:\/\/www.sudoestehoje.com.br\/novoportal\/wp-json\/wp\/v2\/posts\/107211","targetHints":{"allow":["GET"]}}],"collection":[{"href":"https:\/\/www.sudoestehoje.com.br\/novoportal\/wp-json\/wp\/v2\/posts"}],"about":[{"href":"https:\/\/www.sudoestehoje.com.br\/novoportal\/wp-json\/wp\/v2\/types\/post"}],"author":[{"embeddable":true,"href":"https:\/\/www.sudoestehoje.com.br\/novoportal\/wp-json\/wp\/v2\/users\/2"}],"replies":[{"embeddable":true,"href":"https:\/\/www.sudoestehoje.com.br\/novoportal\/wp-json\/wp\/v2\/comments?post=107211"}],"version-history":[{"count":3,"href":"https:\/\/www.sudoestehoje.com.br\/novoportal\/wp-json\/wp\/v2\/posts\/107211\/revisions"}],"predecessor-version":[{"id":107216,"href":"https:\/\/www.sudoestehoje.com.br\/novoportal\/wp-json\/wp\/v2\/posts\/107211\/revisions\/107216"}],"wp:featuredmedia":[{"embeddable":true,"href":"https:\/\/www.sudoestehoje.com.br\/novoportal\/wp-json\/wp\/v2\/media\/107212"}],"wp:attachment":[{"href":"https:\/\/www.sudoestehoje.com.br\/novoportal\/wp-json\/wp\/v2\/media?parent=107211"}],"wp:term":[{"taxonomy":"category","embeddable":true,"href":"https:\/\/www.sudoestehoje.com.br\/novoportal\/wp-json\/wp\/v2\/categories?post=107211"},{"taxonomy":"post_tag","embeddable":true,"href":"https:\/\/www.sudoestehoje.com.br\/novoportal\/wp-json\/wp\/v2\/tags?post=107211"}],"curies":[{"name":"wp","href":"https:\/\/api.w.org\/{rel}","templated":true}]}}