
{"id":107207,"date":"2023-01-12T23:15:26","date_gmt":"2023-01-13T02:15:26","guid":{"rendered":"https:\/\/www.sudoestehoje.com.br\/novoportal\/?p=107207"},"modified":"2023-01-12T23:15:26","modified_gmt":"2023-01-13T02:15:26","slug":"lula-diz-que-nao-consegue-aumentar-o-salario-minimo-para-r-1-320-reais","status":"publish","type":"post","link":"https:\/\/www.sudoestehoje.com.br\/novoportal\/2023\/01\/12\/lula-diz-que-nao-consegue-aumentar-o-salario-minimo-para-r-1-320-reais\/","title":{"rendered":"LULA DIZ QUE N\u00c3O CONSEGUE AUMENTAR O SAL\u00c1RIO M\u00cdNIMO PARA R$ 1.320 REAIS"},"content":{"rendered":"<p><a href=\"https:\/\/www.sudoestehoje.com.br\/novoportal\/wp-content\/uploads\/2023\/01\/lula-encontro-com-parlamentares-ccbb-alessandrodantas-01-750x440-1.jpeg\"><img loading=\"lazy\" decoding=\"async\" class=\"aligncenter size-medium wp-image-107209\" src=\"https:\/\/www.sudoestehoje.com.br\/novoportal\/wp-content\/uploads\/2023\/01\/lula-encontro-com-parlamentares-ccbb-alessandrodantas-01-750x440-1-500x350.jpeg\" alt=\"\" width=\"500\" height=\"350\" srcset=\"https:\/\/www.sudoestehoje.com.br\/novoportal\/wp-content\/uploads\/2023\/01\/lula-encontro-com-parlamentares-ccbb-alessandrodantas-01-750x440-1-500x350.jpeg 500w, https:\/\/www.sudoestehoje.com.br\/novoportal\/wp-content\/uploads\/2023\/01\/lula-encontro-com-parlamentares-ccbb-alessandrodantas-01-750x440-1.jpeg 600w\" sizes=\"auto, (max-width: 500px) 100vw, 500px\" \/><\/a><\/p>\n<p>O presidente Luiz In\u00e1cio Lula da Silva afirmou nesta quinta-feira (12) que <strong>n\u00e3o consegue<\/strong> dar aumento de 3% para o sal\u00e1rio-m\u00ednimo porque tudo consideram como \u201cgasto\u201d.<\/p>\n<p><em>\u201cTudo que a gente faz \u00e9 gasto. Tudo. [\u2026] Enquanto isso, a gente n\u00e3o pode dar aumento de sal\u00e1rio-m\u00ednimo de 3%, porque \u00e9 gasto. N\u00e3o d\u00e1 certo. N\u00e3o \u00e9 poss\u00edvel\u201d<\/em>, disse Lula. <em>\u201cN\u00f3s vamos ter que construir uma outra narrativa nesse pa\u00eds. Tudo que a gente fizer para melhorar a vida do nosso povo tem que ser tratado como investimento\u201d<\/em>, defendeu, durante a posse da nova presidente da Caixa, Rita Serrano,<\/p>\n<p><strong>O sal\u00e1rio-m\u00ednimo est\u00e1 atualmente em R$ 1.302, valor proposto pelo governo Bolsonaro no fim do ano passado, uma alta real (acima da infla\u00e7\u00e3o) de 1,41%. A promessa de integrantes do atual governo era de que o valor iria para R$ 1.320 neste ano, o que resultaria numa alta real de 2,81%, quase os 3% citados por Lula.<\/strong><\/p>\n<p>O ministro da Fazenda, Fernando Haddad, no entanto, n\u00e3o garante que o governo elevar\u00e1 o sal\u00e1rio-m\u00ednimo para R$ 1.320. Segundo ele, o valor0 ser\u00e1 negociado com centrais sindicais<\/p>\n","protected":false},"excerpt":{"rendered":"<p>O presidente Luiz In\u00e1cio Lula da Silva afirmou nesta quinta-feira (12) que n\u00e3o consegue dar aumento de 3% para o sal\u00e1rio-m\u00ednimo porque tudo consideram como \u201cgasto\u201d. \u201cTudo que a gente faz \u00e9 gasto. Tudo. [\u2026] Enquanto isso, a gente n\u00e3o pode dar aumento de sal\u00e1rio-m\u00ednimo de 3%, porque \u00e9 gasto. N\u00e3o d\u00e1 certo. N\u00e3o \u00e9 [&hellip;]<\/p>\n","protected":false},"author":2,"featured_media":107209,"comment_status":"open","ping_status":"open","sticky":false,"template":"","format":"standard","meta":{"footnotes":"","_links_to":"","_links_to_target":""},"categories":[1],"tags":[],"class_list":["post-107207","post","type-post","status-publish","format-standard","has-post-thumbnail","hentry","category-geral"],"views":938,"_links":{"self":[{"href":"https:\/\/www.sudoestehoje.com.br\/novoportal\/wp-json\/wp\/v2\/posts\/107207","targetHints":{"allow":["GET"]}}],"collection":[{"href":"https:\/\/www.sudoestehoje.com.br\/novoportal\/wp-json\/wp\/v2\/posts"}],"about":[{"href":"https:\/\/www.sudoestehoje.com.br\/novoportal\/wp-json\/wp\/v2\/types\/post"}],"author":[{"embeddable":true,"href":"https:\/\/www.sudoestehoje.com.br\/novoportal\/wp-json\/wp\/v2\/users\/2"}],"replies":[{"embeddable":true,"href":"https:\/\/www.sudoestehoje.com.br\/novoportal\/wp-json\/wp\/v2\/comments?post=107207"}],"version-history":[{"count":2,"href":"https:\/\/www.sudoestehoje.com.br\/novoportal\/wp-json\/wp\/v2\/posts\/107207\/revisions"}],"predecessor-version":[{"id":107210,"href":"https:\/\/www.sudoestehoje.com.br\/novoportal\/wp-json\/wp\/v2\/posts\/107207\/revisions\/107210"}],"wp:featuredmedia":[{"embeddable":true,"href":"https:\/\/www.sudoestehoje.com.br\/novoportal\/wp-json\/wp\/v2\/media\/107209"}],"wp:attachment":[{"href":"https:\/\/www.sudoestehoje.com.br\/novoportal\/wp-json\/wp\/v2\/media?parent=107207"}],"wp:term":[{"taxonomy":"category","embeddable":true,"href":"https:\/\/www.sudoestehoje.com.br\/novoportal\/wp-json\/wp\/v2\/categories?post=107207"},{"taxonomy":"post_tag","embeddable":true,"href":"https:\/\/www.sudoestehoje.com.br\/novoportal\/wp-json\/wp\/v2\/tags?post=107207"}],"curies":[{"name":"wp","href":"https:\/\/api.w.org\/{rel}","templated":true}]}}