
{"id":107202,"date":"2023-01-12T22:56:04","date_gmt":"2023-01-13T01:56:04","guid":{"rendered":"https:\/\/www.sudoestehoje.com.br\/novoportal\/?p=107202"},"modified":"2023-01-12T22:56:04","modified_gmt":"2023-01-13T01:56:04","slug":"economia-caixa-corta-emprestimo-consignado-com-auxilio-brasil","status":"publish","type":"post","link":"https:\/\/www.sudoestehoje.com.br\/novoportal\/2023\/01\/12\/economia-caixa-corta-emprestimo-consignado-com-auxilio-brasil\/","title":{"rendered":"ECONOMIA | CAIXA CORTA EMPR\u00c9STIMO CONSIGNADO COM AUX\u00cdLIO BRASIL"},"content":{"rendered":"<p><a href=\"https:\/\/www.sudoestehoje.com.br\/novoportal\/wp-content\/uploads\/2023\/01\/auxilio-brasil-consignado.jpg\"><img loading=\"lazy\" decoding=\"async\" class=\"aligncenter size-medium wp-image-107205\" src=\"https:\/\/www.sudoestehoje.com.br\/novoportal\/wp-content\/uploads\/2023\/01\/auxilio-brasil-consignado-500x314.jpg\" alt=\"\" width=\"500\" height=\"314\" srcset=\"https:\/\/www.sudoestehoje.com.br\/novoportal\/wp-content\/uploads\/2023\/01\/auxilio-brasil-consignado-500x314.jpg 500w, https:\/\/www.sudoestehoje.com.br\/novoportal\/wp-content\/uploads\/2023\/01\/auxilio-brasil-consignado-700x440.jpg 700w, https:\/\/www.sudoestehoje.com.br\/novoportal\/wp-content\/uploads\/2023\/01\/auxilio-brasil-consignado-768x483.jpg 768w, https:\/\/www.sudoestehoje.com.br\/novoportal\/wp-content\/uploads\/2023\/01\/auxilio-brasil-consignado.jpg 1200w\" sizes=\"auto, (max-width: 500px) 100vw, 500px\" \/><\/a><\/p>\n<p>A nova presidente da Caixa Econ\u00f4mica Federal, Rita Serrano, afirmou, nesta quinta-feira (12), que suspendeu o cr\u00e9dito consignado do Aux\u00edlio Brasil. Segundo \u00e0 Folha de S\u00e3o Paulo, a nova presidente afirmou que \u201co banco n\u00e3o tem como arcar com as prov\u00e1veis perdas decorrentes da inadimpl\u00eancia com essa modalidade de cr\u00e9dito liberada durante o per\u00edodo eleitoral por Jair Bolsonaro (PL)\u201d.<\/p>\n<p><em>\u201cDecidimos suspender essa modalidade por dois motivos. O primeiro \u00e9 que o governo est\u00e1 revendo o cadastro. Ent\u00e3o, n\u00e3o seria de bom tom [manter]. O segundo \u00e9 que os juros s\u00e3o muito elevados para essa parcela da popula\u00e7\u00e3o.\u201d<\/em><\/p>\n<p>Rita Serrano <a href=\"https:\/\/bahia.ba\/politica\/rita-serrano-assume-presidencia-da-caixa-a-gestao-pelo-medo-na-caixa-acabou\/\">tomou posse<\/a>\u00a0nesta quinta, na sede da Caixa Cultural em Bras\u00edlia, em evento que contou com o presidente Luiz In\u00e1cio Lula da Silva (PT), a primeira-dama, Janja, e o ministro da Fazenda, Fernando Haddad.<\/p>\n","protected":false},"excerpt":{"rendered":"<p>A nova presidente da Caixa Econ\u00f4mica Federal, Rita Serrano, afirmou, nesta quinta-feira (12), que suspendeu o cr\u00e9dito consignado do Aux\u00edlio Brasil. Segundo \u00e0 Folha de S\u00e3o Paulo, a nova presidente afirmou que \u201co banco n\u00e3o tem como arcar com as prov\u00e1veis perdas decorrentes da inadimpl\u00eancia com essa modalidade de cr\u00e9dito liberada durante o per\u00edodo eleitoral [&hellip;]<\/p>\n","protected":false},"author":2,"featured_media":107205,"comment_status":"open","ping_status":"open","sticky":false,"template":"","format":"standard","meta":{"footnotes":"","_links_to":"","_links_to_target":""},"categories":[1],"tags":[],"class_list":["post-107202","post","type-post","status-publish","format-standard","has-post-thumbnail","hentry","category-geral"],"views":661,"_links":{"self":[{"href":"https:\/\/www.sudoestehoje.com.br\/novoportal\/wp-json\/wp\/v2\/posts\/107202","targetHints":{"allow":["GET"]}}],"collection":[{"href":"https:\/\/www.sudoestehoje.com.br\/novoportal\/wp-json\/wp\/v2\/posts"}],"about":[{"href":"https:\/\/www.sudoestehoje.com.br\/novoportal\/wp-json\/wp\/v2\/types\/post"}],"author":[{"embeddable":true,"href":"https:\/\/www.sudoestehoje.com.br\/novoportal\/wp-json\/wp\/v2\/users\/2"}],"replies":[{"embeddable":true,"href":"https:\/\/www.sudoestehoje.com.br\/novoportal\/wp-json\/wp\/v2\/comments?post=107202"}],"version-history":[{"count":3,"href":"https:\/\/www.sudoestehoje.com.br\/novoportal\/wp-json\/wp\/v2\/posts\/107202\/revisions"}],"predecessor-version":[{"id":107206,"href":"https:\/\/www.sudoestehoje.com.br\/novoportal\/wp-json\/wp\/v2\/posts\/107202\/revisions\/107206"}],"wp:featuredmedia":[{"embeddable":true,"href":"https:\/\/www.sudoestehoje.com.br\/novoportal\/wp-json\/wp\/v2\/media\/107205"}],"wp:attachment":[{"href":"https:\/\/www.sudoestehoje.com.br\/novoportal\/wp-json\/wp\/v2\/media?parent=107202"}],"wp:term":[{"taxonomy":"category","embeddable":true,"href":"https:\/\/www.sudoestehoje.com.br\/novoportal\/wp-json\/wp\/v2\/categories?post=107202"},{"taxonomy":"post_tag","embeddable":true,"href":"https:\/\/www.sudoestehoje.com.br\/novoportal\/wp-json\/wp\/v2\/tags?post=107202"}],"curies":[{"name":"wp","href":"https:\/\/api.w.org\/{rel}","templated":true}]}}