
{"id":1072,"date":"2010-10-09T19:14:01","date_gmt":"2010-10-09T22:14:01","guid":{"rendered":"http:\/\/sudoestehoje.tempsite.ws\/novoportal\/?p=1072"},"modified":"2010-10-09T19:14:01","modified_gmt":"2010-10-09T22:14:01","slug":"vitoria-da-conquista-emociona-e-entusiasma-serra","status":"publish","type":"post","link":"https:\/\/www.sudoestehoje.com.br\/novoportal\/2010\/10\/09\/vitoria-da-conquista-emociona-e-entusiasma-serra\/","title":{"rendered":"VIT\u00d3RIA DA CONQUISTA EMOCIONA E ENTUSIASMA SERRA"},"content":{"rendered":"<p style=\"text-align: center;\"><img loading=\"lazy\" decoding=\"async\" class=\"aligncenter\" title=\"199375\" src=\"http:\/\/www.blogdoanderson.com\/v2\/wp-content\/uploads\/2010\/10\/199375.jpg\" alt=\"\" width=\"403\" height=\"285\" \/><\/p>\n<p style=\"text-align: center;\">SERRA, EM CARREATA PELAS RUAS DE CONQUISTA<\/p>\n<p>\u00a0<\/p>\n<p>&#8220;<em>Entusiasmante a manifesta\u00e7\u00e3o de apoio da popula\u00e7\u00e3o de Vit\u00f3ria da Conquista a Jos\u00e9 Serra<\/em>\u201d. Assim descreveu o presidente estadual do Democratas, Paulo Souto, a receptividade que teve o candidato tucano na visita \u00e0 cidade do Sudoeste baiano, nesta sexta-feira. Mais votado no munic\u00edpio, no primeiro turno da disputa pela Presid\u00eancia da Rep\u00fablica, Serra escolheu Vit\u00f3ria da Conquista como a primeira cidade do Nordeste a visitar na campanha do segundo turno. A escolha n\u00e3o poderia ter sido mais feliz. A cidade parou para saudar e manifestar apoio ao tucano. Durante a carreata do aeroporto ao centro da cidade, por onde passava Serra era ovacionado pelos populares. A chegada na Pra\u00e7a Bar\u00e3o do Rio Branco foi apote\u00f3tica. Completamente lotado, era un\u00edssono o nome de Serra sendo gritado pelos presentes. A manifesta\u00e7\u00e3o popular emocionou o candidato.<\/p>\n","protected":false},"excerpt":{"rendered":"<p>SERRA, EM CARREATA PELAS RUAS DE CONQUISTA \u00a0 &#8220;Entusiasmante a manifesta\u00e7\u00e3o de apoio da popula\u00e7\u00e3o de Vit\u00f3ria da Conquista a Jos\u00e9 Serra\u201d. Assim descreveu o presidente estadual do Democratas, Paulo Souto, a receptividade que teve o candidato tucano na visita \u00e0 cidade do Sudoeste baiano, nesta sexta-feira. Mais votado no munic\u00edpio, no primeiro turno da [&hellip;]<\/p>\n","protected":false},"author":2,"featured_media":0,"comment_status":"open","ping_status":"open","sticky":false,"template":"","format":"standard","meta":{"footnotes":"","_links_to":"","_links_to_target":""},"categories":[1],"tags":[],"class_list":["post-1072","post","type-post","status-publish","format-standard","hentry","category-geral"],"views":1374,"_links":{"self":[{"href":"https:\/\/www.sudoestehoje.com.br\/novoportal\/wp-json\/wp\/v2\/posts\/1072","targetHints":{"allow":["GET"]}}],"collection":[{"href":"https:\/\/www.sudoestehoje.com.br\/novoportal\/wp-json\/wp\/v2\/posts"}],"about":[{"href":"https:\/\/www.sudoestehoje.com.br\/novoportal\/wp-json\/wp\/v2\/types\/post"}],"author":[{"embeddable":true,"href":"https:\/\/www.sudoestehoje.com.br\/novoportal\/wp-json\/wp\/v2\/users\/2"}],"replies":[{"embeddable":true,"href":"https:\/\/www.sudoestehoje.com.br\/novoportal\/wp-json\/wp\/v2\/comments?post=1072"}],"version-history":[{"count":3,"href":"https:\/\/www.sudoestehoje.com.br\/novoportal\/wp-json\/wp\/v2\/posts\/1072\/revisions"}],"predecessor-version":[{"id":1075,"href":"https:\/\/www.sudoestehoje.com.br\/novoportal\/wp-json\/wp\/v2\/posts\/1072\/revisions\/1075"}],"wp:attachment":[{"href":"https:\/\/www.sudoestehoje.com.br\/novoportal\/wp-json\/wp\/v2\/media?parent=1072"}],"wp:term":[{"taxonomy":"category","embeddable":true,"href":"https:\/\/www.sudoestehoje.com.br\/novoportal\/wp-json\/wp\/v2\/categories?post=1072"},{"taxonomy":"post_tag","embeddable":true,"href":"https:\/\/www.sudoestehoje.com.br\/novoportal\/wp-json\/wp\/v2\/tags?post=1072"}],"curies":[{"name":"wp","href":"https:\/\/api.w.org\/{rel}","templated":true}]}}