
{"id":107193,"date":"2023-01-11T18:47:14","date_gmt":"2023-01-11T21:47:14","guid":{"rendered":"https:\/\/www.sudoestehoje.com.br\/novoportal\/?p=107193"},"modified":"2023-01-11T18:47:14","modified_gmt":"2023-01-11T21:47:14","slug":"supercopa-2023-sera-disputada-em-brasilia-entre-flamengo-e-palmeiras","status":"publish","type":"post","link":"https:\/\/www.sudoestehoje.com.br\/novoportal\/2023\/01\/11\/supercopa-2023-sera-disputada-em-brasilia-entre-flamengo-e-palmeiras\/","title":{"rendered":"SUPERCOPA 2023 SER\u00c1 DISPUTADA EM BRAS\u00cdLIA ENTRE FLAMENGO E PALMEIRAS"},"content":{"rendered":"<p><a href=\"https:\/\/www.sudoestehoje.com.br\/novoportal\/wp-content\/uploads\/2023\/01\/arte_fla_pal-600x400-1.webp\"><img loading=\"lazy\" decoding=\"async\" class=\"aligncenter size-medium wp-image-107194\" src=\"https:\/\/www.sudoestehoje.com.br\/novoportal\/wp-content\/uploads\/2023\/01\/arte_fla_pal-600x400-1-500x333.webp\" alt=\"\" width=\"500\" height=\"333\" srcset=\"https:\/\/www.sudoestehoje.com.br\/novoportal\/wp-content\/uploads\/2023\/01\/arte_fla_pal-600x400-1-500x333.webp 500w, https:\/\/www.sudoestehoje.com.br\/novoportal\/wp-content\/uploads\/2023\/01\/arte_fla_pal-600x400-1.webp 600w\" sizes=\"auto, (max-width: 500px) 100vw, 500px\" \/><\/a><\/p>\n<p>A CBF anunciou Bras\u00edlia como sede da Supercopa do Brasil. A partida entre Palmeiras e Flamengo ser\u00e1 disputada no dia 29 de janeiro, um domingo, no Man\u00e9 Garrincha, \u00e0s 16h (de Bras\u00edlia).<\/p>\n<p>A entidade j\u00e1 confirmou oficialmente. A capital federal tinha a competi\u00e7\u00e3o de Salvador e Recife. Orlando, nos Estados Unidos, estava no p\u00e1reo, mas a log\u00edstica foi considerada complicada e o pouco espa\u00e7o de tempo jogou contra.<\/p>\n","protected":false},"excerpt":{"rendered":"<p>A CBF anunciou Bras\u00edlia como sede da Supercopa do Brasil. A partida entre Palmeiras e Flamengo ser\u00e1 disputada no dia 29 de janeiro, um domingo, no Man\u00e9 Garrincha, \u00e0s 16h (de Bras\u00edlia). A entidade j\u00e1 confirmou oficialmente. A capital federal tinha a competi\u00e7\u00e3o de Salvador e Recife. Orlando, nos Estados Unidos, estava no p\u00e1reo, mas [&hellip;]<\/p>\n","protected":false},"author":2,"featured_media":107194,"comment_status":"open","ping_status":"open","sticky":false,"template":"","format":"standard","meta":{"footnotes":"","_links_to":"","_links_to_target":""},"categories":[1],"tags":[],"class_list":["post-107193","post","type-post","status-publish","format-standard","has-post-thumbnail","hentry","category-geral"],"views":731,"_links":{"self":[{"href":"https:\/\/www.sudoestehoje.com.br\/novoportal\/wp-json\/wp\/v2\/posts\/107193","targetHints":{"allow":["GET"]}}],"collection":[{"href":"https:\/\/www.sudoestehoje.com.br\/novoportal\/wp-json\/wp\/v2\/posts"}],"about":[{"href":"https:\/\/www.sudoestehoje.com.br\/novoportal\/wp-json\/wp\/v2\/types\/post"}],"author":[{"embeddable":true,"href":"https:\/\/www.sudoestehoje.com.br\/novoportal\/wp-json\/wp\/v2\/users\/2"}],"replies":[{"embeddable":true,"href":"https:\/\/www.sudoestehoje.com.br\/novoportal\/wp-json\/wp\/v2\/comments?post=107193"}],"version-history":[{"count":2,"href":"https:\/\/www.sudoestehoje.com.br\/novoportal\/wp-json\/wp\/v2\/posts\/107193\/revisions"}],"predecessor-version":[{"id":107196,"href":"https:\/\/www.sudoestehoje.com.br\/novoportal\/wp-json\/wp\/v2\/posts\/107193\/revisions\/107196"}],"wp:featuredmedia":[{"embeddable":true,"href":"https:\/\/www.sudoestehoje.com.br\/novoportal\/wp-json\/wp\/v2\/media\/107194"}],"wp:attachment":[{"href":"https:\/\/www.sudoestehoje.com.br\/novoportal\/wp-json\/wp\/v2\/media?parent=107193"}],"wp:term":[{"taxonomy":"category","embeddable":true,"href":"https:\/\/www.sudoestehoje.com.br\/novoportal\/wp-json\/wp\/v2\/categories?post=107193"},{"taxonomy":"post_tag","embeddable":true,"href":"https:\/\/www.sudoestehoje.com.br\/novoportal\/wp-json\/wp\/v2\/tags?post=107193"}],"curies":[{"name":"wp","href":"https:\/\/api.w.org\/{rel}","templated":true}]}}