
{"id":107190,"date":"2023-01-11T18:20:51","date_gmt":"2023-01-11T21:20:51","guid":{"rendered":"https:\/\/www.sudoestehoje.com.br\/novoportal\/?p=107190"},"modified":"2023-01-11T18:20:51","modified_gmt":"2023-01-11T21:20:51","slug":"brasil-fecha-2022-com-inflacao-de-579","status":"publish","type":"post","link":"https:\/\/www.sudoestehoje.com.br\/novoportal\/2023\/01\/11\/brasil-fecha-2022-com-inflacao-de-579\/","title":{"rendered":"BRASIL FECHA 2022 COM INFLA\u00c7\u00c3O DE 5,79%"},"content":{"rendered":"<p><a href=\"https:\/\/www.sudoestehoje.com.br\/novoportal\/wp-content\/uploads\/2023\/01\/naom_626001bce71b9.jpg\"><img loading=\"lazy\" decoding=\"async\" class=\"aligncenter size-medium wp-image-107191\" src=\"https:\/\/www.sudoestehoje.com.br\/novoportal\/wp-content\/uploads\/2023\/01\/naom_626001bce71b9-500x281.jpg\" alt=\"\" width=\"500\" height=\"281\" srcset=\"https:\/\/www.sudoestehoje.com.br\/novoportal\/wp-content\/uploads\/2023\/01\/naom_626001bce71b9-500x281.jpg 500w, https:\/\/www.sudoestehoje.com.br\/novoportal\/wp-content\/uploads\/2023\/01\/naom_626001bce71b9-700x394.jpg 700w, https:\/\/www.sudoestehoje.com.br\/novoportal\/wp-content\/uploads\/2023\/01\/naom_626001bce71b9-768x432.jpg 768w, https:\/\/www.sudoestehoje.com.br\/novoportal\/wp-content\/uploads\/2023\/01\/naom_626001bce71b9-1536x864.jpg 1536w, https:\/\/www.sudoestehoje.com.br\/novoportal\/wp-content\/uploads\/2023\/01\/naom_626001bce71b9.jpg 1920w\" sizes=\"auto, (max-width: 500px) 100vw, 500px\" \/><\/a><\/p>\n<p>A infla\u00e7\u00e3o fechou o ano de 2022 em 5,79%, segundo o IPCA (\u00cdndice de Pre\u00e7os ao Consumidor Amplo). \u00c9 a quarta vez consecutiva que o \u00edndice fica acima da meta definida pelo Conselho Monet\u00e1rio Nacional, que em 2022 era de 3,5% e teto de 5%. No m\u00eas de dezembro, a infla\u00e7\u00e3o registrou alta de 0,62%. A divulga\u00e7\u00e3o foi feita pelo IBGE (Instituto Brasileiro de Geografia e Estat\u00edstica).<\/p>\n<p>O boletim Focus, divulgado ontem pelo BC (Banco Central), previa que 2022 fecharia com infla\u00e7\u00e3o de 5,62%. No m\u00eas passado, a infla\u00e7\u00e3o desacelerou para 0,41%. Em 12 meses, o \u00edndice ficou em 5,90%.<\/p>\n<p>O \u00edndice \u00e9 calculado pelo IBGE desde 1980 e se refere \u00e0s fam\u00edlias com rendimento de 1 a 40 sal\u00e1rios m\u00ednimos, residentes em \u00e1reas urbanas. Entre as categorias consideradas para mapear o aumento, diminui\u00e7\u00e3o ou estabilidade geral nos pre\u00e7os, est\u00e3o os custos com alimenta\u00e7\u00e3o e bebidas, habita\u00e7\u00e3o, sa\u00fade, transportes, educa\u00e7\u00e3o, entre outros.<\/p>\n","protected":false},"excerpt":{"rendered":"<p>A infla\u00e7\u00e3o fechou o ano de 2022 em 5,79%, segundo o IPCA (\u00cdndice de Pre\u00e7os ao Consumidor Amplo). \u00c9 a quarta vez consecutiva que o \u00edndice fica acima da meta definida pelo Conselho Monet\u00e1rio Nacional, que em 2022 era de 3,5% e teto de 5%. No m\u00eas de dezembro, a infla\u00e7\u00e3o registrou alta de 0,62%. [&hellip;]<\/p>\n","protected":false},"author":2,"featured_media":107191,"comment_status":"open","ping_status":"open","sticky":false,"template":"","format":"standard","meta":{"footnotes":"","_links_to":"","_links_to_target":""},"categories":[1],"tags":[],"class_list":["post-107190","post","type-post","status-publish","format-standard","has-post-thumbnail","hentry","category-geral"],"views":709,"_links":{"self":[{"href":"https:\/\/www.sudoestehoje.com.br\/novoportal\/wp-json\/wp\/v2\/posts\/107190","targetHints":{"allow":["GET"]}}],"collection":[{"href":"https:\/\/www.sudoestehoje.com.br\/novoportal\/wp-json\/wp\/v2\/posts"}],"about":[{"href":"https:\/\/www.sudoestehoje.com.br\/novoportal\/wp-json\/wp\/v2\/types\/post"}],"author":[{"embeddable":true,"href":"https:\/\/www.sudoestehoje.com.br\/novoportal\/wp-json\/wp\/v2\/users\/2"}],"replies":[{"embeddable":true,"href":"https:\/\/www.sudoestehoje.com.br\/novoportal\/wp-json\/wp\/v2\/comments?post=107190"}],"version-history":[{"count":1,"href":"https:\/\/www.sudoestehoje.com.br\/novoportal\/wp-json\/wp\/v2\/posts\/107190\/revisions"}],"predecessor-version":[{"id":107192,"href":"https:\/\/www.sudoestehoje.com.br\/novoportal\/wp-json\/wp\/v2\/posts\/107190\/revisions\/107192"}],"wp:featuredmedia":[{"embeddable":true,"href":"https:\/\/www.sudoestehoje.com.br\/novoportal\/wp-json\/wp\/v2\/media\/107191"}],"wp:attachment":[{"href":"https:\/\/www.sudoestehoje.com.br\/novoportal\/wp-json\/wp\/v2\/media?parent=107190"}],"wp:term":[{"taxonomy":"category","embeddable":true,"href":"https:\/\/www.sudoestehoje.com.br\/novoportal\/wp-json\/wp\/v2\/categories?post=107190"},{"taxonomy":"post_tag","embeddable":true,"href":"https:\/\/www.sudoestehoje.com.br\/novoportal\/wp-json\/wp\/v2\/tags?post=107190"}],"curies":[{"name":"wp","href":"https:\/\/api.w.org\/{rel}","templated":true}]}}