
{"id":107183,"date":"2023-01-09T17:44:53","date_gmt":"2023-01-09T20:44:53","guid":{"rendered":"https:\/\/www.sudoestehoje.com.br\/novoportal\/?p=107183"},"modified":"2023-01-09T17:44:53","modified_gmt":"2023-01-09T20:44:53","slug":"educacao-aulas-na-rede-estadual-de-ensino-comecam-dia-6-de-fevereiro","status":"publish","type":"post","link":"https:\/\/www.sudoestehoje.com.br\/novoportal\/2023\/01\/09\/educacao-aulas-na-rede-estadual-de-ensino-comecam-dia-6-de-fevereiro\/","title":{"rendered":"EDUCA\u00c7\u00c3O | AULAS NA REDE ESTADUAL DE ENSINO COME\u00c7AM DIA 6 DE FEVEREIRO"},"content":{"rendered":"<div id=\"chunk-ehnp1\">\n<div class=\"mc-column content-text active-extra-styles \" data-block-type=\"unstyled\" data-block-weight=\"28\" data-block-id=\"3\">\n<p data-track-category=\"Link no Texto\" data-track-links=\"\"><a href=\"https:\/\/www.sudoestehoje.com.br\/novoportal\/wp-content\/uploads\/2023\/01\/whatsapp-image-2023-01-09-at-14.53.16.webp\"><img loading=\"lazy\" decoding=\"async\" class=\"aligncenter size-medium wp-image-107184\" src=\"https:\/\/www.sudoestehoje.com.br\/novoportal\/wp-content\/uploads\/2023\/01\/whatsapp-image-2023-01-09-at-14.53.16-500x333.webp\" alt=\"\" width=\"500\" height=\"333\" srcset=\"https:\/\/www.sudoestehoje.com.br\/novoportal\/wp-content\/uploads\/2023\/01\/whatsapp-image-2023-01-09-at-14.53.16-500x333.webp 500w, https:\/\/www.sudoestehoje.com.br\/novoportal\/wp-content\/uploads\/2023\/01\/whatsapp-image-2023-01-09-at-14.53.16-700x467.webp 700w, https:\/\/www.sudoestehoje.com.br\/novoportal\/wp-content\/uploads\/2023\/01\/whatsapp-image-2023-01-09-at-14.53.16-768x512.webp 768w, https:\/\/www.sudoestehoje.com.br\/novoportal\/wp-content\/uploads\/2023\/01\/whatsapp-image-2023-01-09-at-14.53.16.webp 984w\" sizes=\"auto, (max-width: 500px) 100vw, 500px\" \/><\/a><\/p>\n<p class=\"content-text__container \" data-track-category=\"Link no Texto\" data-track-links=\"\">As aulas na rede estadual de ensino da Bahia v\u00e3o come\u00e7ar no dia 6 de fevereiro, segundo informa\u00e7\u00f5es da Secretaria Estadual de Educa\u00e7\u00e3o (SEC), divulgadas nesta segunda-feira (9).<\/p>\n<\/div>\n<\/div>\n<div class=\"wall protected-content\">\n<div id=\"chunk-dgu9n\">\n<div class=\"mc-column content-text active-extra-styles \" data-block-type=\"unstyled\" data-block-weight=\"39\" data-block-id=\"4\">\n<p class=\"content-text__container \" data-track-category=\"Link no Texto\" data-track-links=\"\">Conforme o calend\u00e1rio, a jornada pedag\u00f3gica dos professores e coordenadores pedag\u00f3gicos acontece entre os dias 1\u00ba e 3 de fevereiro, quando ser\u00e1 realizado todo o planejamento das atividades letivas. As aulas se encerram no dia 15 de dezembro.<\/p>\n<\/div>\n<\/div>\n<\/div>\n","protected":false},"excerpt":{"rendered":"<p>As aulas na rede estadual de ensino da Bahia v\u00e3o come\u00e7ar no dia 6 de fevereiro, segundo informa\u00e7\u00f5es da Secretaria Estadual de Educa\u00e7\u00e3o (SEC), divulgadas nesta segunda-feira (9). Conforme o calend\u00e1rio, a jornada pedag\u00f3gica dos professores e coordenadores pedag\u00f3gicos acontece entre os dias 1\u00ba e 3 de fevereiro, quando ser\u00e1 realizado todo o planejamento das [&hellip;]<\/p>\n","protected":false},"author":2,"featured_media":107184,"comment_status":"open","ping_status":"open","sticky":false,"template":"","format":"standard","meta":{"footnotes":"","_links_to":"","_links_to_target":""},"categories":[1],"tags":[],"class_list":["post-107183","post","type-post","status-publish","format-standard","has-post-thumbnail","hentry","category-geral"],"views":633,"_links":{"self":[{"href":"https:\/\/www.sudoestehoje.com.br\/novoportal\/wp-json\/wp\/v2\/posts\/107183","targetHints":{"allow":["GET"]}}],"collection":[{"href":"https:\/\/www.sudoestehoje.com.br\/novoportal\/wp-json\/wp\/v2\/posts"}],"about":[{"href":"https:\/\/www.sudoestehoje.com.br\/novoportal\/wp-json\/wp\/v2\/types\/post"}],"author":[{"embeddable":true,"href":"https:\/\/www.sudoestehoje.com.br\/novoportal\/wp-json\/wp\/v2\/users\/2"}],"replies":[{"embeddable":true,"href":"https:\/\/www.sudoestehoje.com.br\/novoportal\/wp-json\/wp\/v2\/comments?post=107183"}],"version-history":[{"count":1,"href":"https:\/\/www.sudoestehoje.com.br\/novoportal\/wp-json\/wp\/v2\/posts\/107183\/revisions"}],"predecessor-version":[{"id":107185,"href":"https:\/\/www.sudoestehoje.com.br\/novoportal\/wp-json\/wp\/v2\/posts\/107183\/revisions\/107185"}],"wp:featuredmedia":[{"embeddable":true,"href":"https:\/\/www.sudoestehoje.com.br\/novoportal\/wp-json\/wp\/v2\/media\/107184"}],"wp:attachment":[{"href":"https:\/\/www.sudoestehoje.com.br\/novoportal\/wp-json\/wp\/v2\/media?parent=107183"}],"wp:term":[{"taxonomy":"category","embeddable":true,"href":"https:\/\/www.sudoestehoje.com.br\/novoportal\/wp-json\/wp\/v2\/categories?post=107183"},{"taxonomy":"post_tag","embeddable":true,"href":"https:\/\/www.sudoestehoje.com.br\/novoportal\/wp-json\/wp\/v2\/tags?post=107183"}],"curies":[{"name":"wp","href":"https:\/\/api.w.org\/{rel}","templated":true}]}}