
{"id":107168,"date":"2023-01-07T18:53:07","date_gmt":"2023-01-07T21:53:07","guid":{"rendered":"https:\/\/www.sudoestehoje.com.br\/novoportal\/?p=107168"},"modified":"2023-01-07T19:44:46","modified_gmt":"2023-01-07T22:44:46","slug":"justica-federal-determina-novo-repasse-do-fpm-ao-municipio-de-itapetinga-apos-erro-no-censo-do-ibge","status":"publish","type":"post","link":"https:\/\/www.sudoestehoje.com.br\/novoportal\/2023\/01\/07\/justica-federal-determina-novo-repasse-do-fpm-ao-municipio-de-itapetinga-apos-erro-no-censo-do-ibge\/","title":{"rendered":"JUSTI\u00c7A FEDERAL DETERMINA NOVO REPASSE DO FPM AO MUNIC\u00cdPIO DE ITAPETINGA AP\u00d3S ERRO NO CENSO DO IBGE"},"content":{"rendered":"<p><a href=\"https:\/\/www.sudoestehoje.com.br\/novoportal\/wp-content\/uploads\/2023\/01\/WhatsApp-Image-2023-01-07-at-19.38.01.jpeg\"><img loading=\"lazy\" decoding=\"async\" class=\"aligncenter size-medium wp-image-107177\" src=\"https:\/\/www.sudoestehoje.com.br\/novoportal\/wp-content\/uploads\/2023\/01\/WhatsApp-Image-2023-01-07-at-19.38.01-500x282.jpeg\" alt=\"\" width=\"500\" height=\"282\" srcset=\"https:\/\/www.sudoestehoje.com.br\/novoportal\/wp-content\/uploads\/2023\/01\/WhatsApp-Image-2023-01-07-at-19.38.01-500x282.jpeg 500w, https:\/\/www.sudoestehoje.com.br\/novoportal\/wp-content\/uploads\/2023\/01\/WhatsApp-Image-2023-01-07-at-19.38.01-700x394.jpeg 700w, https:\/\/www.sudoestehoje.com.br\/novoportal\/wp-content\/uploads\/2023\/01\/WhatsApp-Image-2023-01-07-at-19.38.01-768x432.jpeg 768w, https:\/\/www.sudoestehoje.com.br\/novoportal\/wp-content\/uploads\/2023\/01\/WhatsApp-Image-2023-01-07-at-19.38.01-1536x865.jpeg 1536w, https:\/\/www.sudoestehoje.com.br\/novoportal\/wp-content\/uploads\/2023\/01\/WhatsApp-Image-2023-01-07-at-19.38.01.jpeg 1600w\" sizes=\"auto, (max-width: 500px) 100vw, 500px\" \/><\/a><\/p>\n<p class=\"bodytext\">A Justi\u00e7a Federal concedeu, nesta sexta-feira (6), <strong><em>MEDIDA LIMINAR<\/em><\/strong> ao Munic\u00edpio de Itapetinga, determinando o restabelecimento dos antigos valores nos repasses do <strong>Fundo de Participa\u00e7\u00e3o dos Munic\u00edpios (FPM)<\/strong>, ap\u00f3s identificar um &#8216;erro&#8217; no recenseamento demogr\u00e1fico realizado pelo IBGE (Instituto Brasileiro de Geografia e Estat\u00edstica), usado no c\u00e1lculo de quotas do TCU (Tribunal de Contas da Uni\u00e3o) na fixa\u00e7\u00e3o do coeficiente do FPM.<\/p>\n<p class=\"bodytext\">Na decis\u00e3o, o TRF\u00a0 reconheceu que o IBGE publicou apenas dados pr\u00e9vios sobre o Censo e, desse modo, os dados obtidos pelo IBGE no Censo realizado at\u00e9 dezembro de 2022 podem ser alterados em raz\u00e3o da conclus\u00e3o da coleta junto \u00e0 popula\u00e7\u00e3o dos Munic\u00edpios envolvidos, bem como em raz\u00e3o do ajuste de dados supostamente incorretos, do que denota a aus\u00eancia de dados seguros para defini\u00e7\u00e3o dos coeficientes do FPM, ao menos enquanto ainda n\u00e3o conclu\u00edda a an\u00e1lise total.<\/p>\n<p><a href=\"https:\/\/www.sudoestehoje.com.br\/novoportal\/wp-content\/uploads\/2023\/01\/fpm.png\"><img loading=\"lazy\" decoding=\"async\" class=\"aligncenter size-medium wp-image-107172\" src=\"https:\/\/www.sudoestehoje.com.br\/novoportal\/wp-content\/uploads\/2023\/01\/fpm-500x195.png\" alt=\"\" width=\"500\" height=\"195\" srcset=\"https:\/\/www.sudoestehoje.com.br\/novoportal\/wp-content\/uploads\/2023\/01\/fpm-500x195.png 500w, https:\/\/www.sudoestehoje.com.br\/novoportal\/wp-content\/uploads\/2023\/01\/fpm.png 660w\" sizes=\"auto, (max-width: 500px) 100vw, 500px\" \/><\/a><\/p>\n<p>De acordo com a Procuradoria Jur\u00eddica da Prefeitura, que atuou de forma \u00e1gil e eficiente na defesa do munic\u00edpio, a <strong>medida liminar concedida<\/strong> foi de extrema import\u00e2ncia, impedindo a redu\u00e7\u00e3o dos valores nos repasses do FPM ao munic\u00edpio, ap\u00f3s coleta em dados populacionais incompletos, gerando inseguran\u00e7a e descontinuidade no exerc\u00edcio or\u00e7ament\u00e1rio e realiza\u00e7\u00e3o das despesas previstas.<\/p>\n<p>Com a antecipa\u00e7\u00e3o incompleta dos dados do\u00a0 Censo Demogr\u00e1fica pelo IBGE, o coeficiente de repasses para Itapetinga <strong>cairia da faixa de 2,6, para 2,4<\/strong>, diminuindo drasticamente sua principal receita, o que foi evitado com a concess\u00e3o da medida requerida pela Procuradoria Municipal.<\/p>\n<p><strong><em>Por Davi Ferraz<\/em><\/strong><\/p>\n","protected":false},"excerpt":{"rendered":"<p>A Justi\u00e7a Federal concedeu, nesta sexta-feira (6), MEDIDA LIMINAR ao Munic\u00edpio de Itapetinga, determinando o restabelecimento dos antigos valores nos repasses do Fundo de Participa\u00e7\u00e3o dos Munic\u00edpios (FPM), ap\u00f3s identificar um &#8216;erro&#8217; no recenseamento demogr\u00e1fico realizado pelo IBGE (Instituto Brasileiro de Geografia e Estat\u00edstica), usado no c\u00e1lculo de quotas do TCU (Tribunal de Contas da [&hellip;]<\/p>\n","protected":false},"author":2,"featured_media":107177,"comment_status":"open","ping_status":"open","sticky":false,"template":"","format":"standard","meta":{"footnotes":"","_links_to":"","_links_to_target":""},"categories":[1],"tags":[],"class_list":["post-107168","post","type-post","status-publish","format-standard","has-post-thumbnail","hentry","category-geral"],"views":970,"_links":{"self":[{"href":"https:\/\/www.sudoestehoje.com.br\/novoportal\/wp-json\/wp\/v2\/posts\/107168","targetHints":{"allow":["GET"]}}],"collection":[{"href":"https:\/\/www.sudoestehoje.com.br\/novoportal\/wp-json\/wp\/v2\/posts"}],"about":[{"href":"https:\/\/www.sudoestehoje.com.br\/novoportal\/wp-json\/wp\/v2\/types\/post"}],"author":[{"embeddable":true,"href":"https:\/\/www.sudoestehoje.com.br\/novoportal\/wp-json\/wp\/v2\/users\/2"}],"replies":[{"embeddable":true,"href":"https:\/\/www.sudoestehoje.com.br\/novoportal\/wp-json\/wp\/v2\/comments?post=107168"}],"version-history":[{"count":7,"href":"https:\/\/www.sudoestehoje.com.br\/novoportal\/wp-json\/wp\/v2\/posts\/107168\/revisions"}],"predecessor-version":[{"id":107179,"href":"https:\/\/www.sudoestehoje.com.br\/novoportal\/wp-json\/wp\/v2\/posts\/107168\/revisions\/107179"}],"wp:featuredmedia":[{"embeddable":true,"href":"https:\/\/www.sudoestehoje.com.br\/novoportal\/wp-json\/wp\/v2\/media\/107177"}],"wp:attachment":[{"href":"https:\/\/www.sudoestehoje.com.br\/novoportal\/wp-json\/wp\/v2\/media?parent=107168"}],"wp:term":[{"taxonomy":"category","embeddable":true,"href":"https:\/\/www.sudoestehoje.com.br\/novoportal\/wp-json\/wp\/v2\/categories?post=107168"},{"taxonomy":"post_tag","embeddable":true,"href":"https:\/\/www.sudoestehoje.com.br\/novoportal\/wp-json\/wp\/v2\/tags?post=107168"}],"curies":[{"name":"wp","href":"https:\/\/api.w.org\/{rel}","templated":true}]}}