
{"id":107157,"date":"2023-01-06T11:37:53","date_gmt":"2023-01-06T14:37:53","guid":{"rendered":"https:\/\/www.sudoestehoje.com.br\/novoportal\/?p=107157"},"modified":"2023-01-06T12:21:26","modified_gmt":"2023-01-06T15:21:26","slug":"sul-da-bahia-criaca-de-um-ano-morre-apos-asa-pegar-fogo-em-barro-preto","status":"publish","type":"post","link":"https:\/\/www.sudoestehoje.com.br\/novoportal\/2023\/01\/06\/sul-da-bahia-criaca-de-um-ano-morre-apos-asa-pegar-fogo-em-barro-preto\/","title":{"rendered":"SUL DA BAHIA | CRIAN\u00c7A DE UM ANO MORRE AP\u00d3S CASA PEGAR FOGO EM BARRO PRETO"},"content":{"rendered":"<p><a href=\"https:\/\/www.sudoestehoje.com.br\/novoportal\/wp-content\/uploads\/2023\/01\/crianca-1ano-1000x530-1.jpg\"><img loading=\"lazy\" decoding=\"async\" class=\"aligncenter size-medium wp-image-107158\" src=\"https:\/\/www.sudoestehoje.com.br\/novoportal\/wp-content\/uploads\/2023\/01\/crianca-1ano-1000x530-1-500x265.jpg\" alt=\"\" width=\"500\" height=\"265\" srcset=\"https:\/\/www.sudoestehoje.com.br\/novoportal\/wp-content\/uploads\/2023\/01\/crianca-1ano-1000x530-1-500x265.jpg 500w, https:\/\/www.sudoestehoje.com.br\/novoportal\/wp-content\/uploads\/2023\/01\/crianca-1ano-1000x530-1-700x371.jpg 700w, https:\/\/www.sudoestehoje.com.br\/novoportal\/wp-content\/uploads\/2023\/01\/crianca-1ano-1000x530-1-768x407.jpg 768w, https:\/\/www.sudoestehoje.com.br\/novoportal\/wp-content\/uploads\/2023\/01\/crianca-1ano-1000x530-1.jpg 1000w\" sizes=\"auto, (max-width: 500px) 100vw, 500px\" \/><\/a><\/p>\n<p>Uma crian\u00e7a de um ano morreu ap\u00f3s a casa onde ela estava pegar fogo, no munic\u00edpio de Barro Preto, no sul da Bahia. O caso aconteceu na quinta-feira (5), no bairro do Pelourinho. Outra crian\u00e7a de tr\u00eas anos estava no im\u00f3vel. Ela n\u00e3o se feriu.<\/p>\n<p>A v\u00edtima foi identificado com o prenome Henrique. Ele foi levado ao Hospital Manoel Novaes, na cidade de Itabuna, tamb\u00e9m no sul do estado, h\u00e1 cerca de 33km de Barro Preto, mas ele n\u00e3o resistiu \u00e0s queimaduras.<\/p>\n<p>Vizinhos resgataram as crian\u00e7as durante o inc\u00eandio. Eles arrombaram a porta da casa ao perceberem o fogo no im\u00f3vel.<\/p>\n<p>De acordo com relatos de moradores, as duas crian\u00e7as estavam sozinhas na casa. O im\u00f3vel estava com as portas trancadas no momento do inc\u00eandio.<\/p>\n","protected":false},"excerpt":{"rendered":"<p>Uma crian\u00e7a de um ano morreu ap\u00f3s a casa onde ela estava pegar fogo, no munic\u00edpio de Barro Preto, no sul da Bahia. O caso aconteceu na quinta-feira (5), no bairro do Pelourinho. Outra crian\u00e7a de tr\u00eas anos estava no im\u00f3vel. Ela n\u00e3o se feriu. A v\u00edtima foi identificado com o prenome Henrique. Ele foi [&hellip;]<\/p>\n","protected":false},"author":2,"featured_media":107158,"comment_status":"open","ping_status":"open","sticky":false,"template":"","format":"standard","meta":{"footnotes":"","_links_to":"","_links_to_target":""},"categories":[1],"tags":[],"class_list":["post-107157","post","type-post","status-publish","format-standard","has-post-thumbnail","hentry","category-geral"],"views":676,"_links":{"self":[{"href":"https:\/\/www.sudoestehoje.com.br\/novoportal\/wp-json\/wp\/v2\/posts\/107157","targetHints":{"allow":["GET"]}}],"collection":[{"href":"https:\/\/www.sudoestehoje.com.br\/novoportal\/wp-json\/wp\/v2\/posts"}],"about":[{"href":"https:\/\/www.sudoestehoje.com.br\/novoportal\/wp-json\/wp\/v2\/types\/post"}],"author":[{"embeddable":true,"href":"https:\/\/www.sudoestehoje.com.br\/novoportal\/wp-json\/wp\/v2\/users\/2"}],"replies":[{"embeddable":true,"href":"https:\/\/www.sudoestehoje.com.br\/novoportal\/wp-json\/wp\/v2\/comments?post=107157"}],"version-history":[{"count":4,"href":"https:\/\/www.sudoestehoje.com.br\/novoportal\/wp-json\/wp\/v2\/posts\/107157\/revisions"}],"predecessor-version":[{"id":107167,"href":"https:\/\/www.sudoestehoje.com.br\/novoportal\/wp-json\/wp\/v2\/posts\/107157\/revisions\/107167"}],"wp:featuredmedia":[{"embeddable":true,"href":"https:\/\/www.sudoestehoje.com.br\/novoportal\/wp-json\/wp\/v2\/media\/107158"}],"wp:attachment":[{"href":"https:\/\/www.sudoestehoje.com.br\/novoportal\/wp-json\/wp\/v2\/media?parent=107157"}],"wp:term":[{"taxonomy":"category","embeddable":true,"href":"https:\/\/www.sudoestehoje.com.br\/novoportal\/wp-json\/wp\/v2\/categories?post=107157"},{"taxonomy":"post_tag","embeddable":true,"href":"https:\/\/www.sudoestehoje.com.br\/novoportal\/wp-json\/wp\/v2\/tags?post=107157"}],"curies":[{"name":"wp","href":"https:\/\/api.w.org\/{rel}","templated":true}]}}