
{"id":107152,"date":"2023-01-06T08:12:14","date_gmt":"2023-01-06T11:12:14","guid":{"rendered":"https:\/\/www.sudoestehoje.com.br\/novoportal\/?p=107152"},"modified":"2023-01-06T08:12:14","modified_gmt":"2023-01-06T11:12:14","slug":"alexandre-de-moraes-detrmina-sua-propria-prisao-apos-provavel-ataque-de-hacker","status":"publish","type":"post","link":"https:\/\/www.sudoestehoje.com.br\/novoportal\/2023\/01\/06\/alexandre-de-moraes-detrmina-sua-propria-prisao-apos-provavel-ataque-de-hacker\/","title":{"rendered":"ALEXANDRE DE MORAES DETRMINA SUA PR\u00d3PRIA PRIS\u00c3O AP\u00d3S PROV\u00c1VEL ATAQUE DE HACKER"},"content":{"rendered":"<p data-t=\"{&quot;n&quot;:&quot;blueLinks&quot;}\"><a href=\"https:\/\/www.sudoestehoje.com.br\/novoportal\/wp-content\/uploads\/2023\/01\/xandao.jpg\"><img loading=\"lazy\" decoding=\"async\" class=\"aligncenter size-medium wp-image-107153\" src=\"https:\/\/www.sudoestehoje.com.br\/novoportal\/wp-content\/uploads\/2023\/01\/xandao-500x333.jpg\" alt=\"\" width=\"500\" height=\"333\" srcset=\"https:\/\/www.sudoestehoje.com.br\/novoportal\/wp-content\/uploads\/2023\/01\/xandao-500x333.jpg 500w, https:\/\/www.sudoestehoje.com.br\/novoportal\/wp-content\/uploads\/2023\/01\/xandao-700x466.jpg 700w, https:\/\/www.sudoestehoje.com.br\/novoportal\/wp-content\/uploads\/2023\/01\/xandao-768x512.jpg 768w, https:\/\/www.sudoestehoje.com.br\/novoportal\/wp-content\/uploads\/2023\/01\/xandao-1536x1023.jpg 1536w, https:\/\/www.sudoestehoje.com.br\/novoportal\/wp-content\/uploads\/2023\/01\/xandao.jpg 1621w\" sizes=\"auto, (max-width: 500px) 100vw, 500px\" \/><\/a><\/p>\n<p data-t=\"{&quot;n&quot;:&quot;blueLinks&quot;}\">Na noite da \u00faltima quarta-feira (4), um documento inserido no sistema oficial do Conselho Nacional de Justi\u00e7a (CNJ) consta que\u00a0<a tabindex=\"0\" title=\"Moraes anuncia pris\u00e3o para quem fizer disparos em massa em 2022\" href=\"http:\/\/www.tecmundo.com.br\/mercado\/227797-moraes-anuncia-prisao-fizer-disparos-massa-em-2022.htm\" target=\"_blank\" rel=\"noopener\" data-t=\"{&quot;n&quot;:&quot;destination&quot;,&quot;t&quot;:13,&quot;b&quot;:1,&quot;c.t&quot;:7}\">Alexandre de Moraes<\/a><strong>\u00a0&#8216;determinou&#8217; sua pr\u00f3pria pris\u00e3o<\/strong>. Ao que tudo indica,\u00a0<strong>o sistema foi alvo de um ataque hacker<\/strong>.<\/p>\n<p data-t=\"{&quot;n&quot;:&quot;blueLinks&quot;}\">O texto que chegou ao\u00a0Banco Nacional de Monitoramento de Pris\u00f5es cont\u00e9m v\u00e1rios trechos ironizando a atua\u00e7\u00e3o do ministro.\u00a0&#8220;Sem me explicar, porque sou como um deus do olimpo, defiro a peti\u00e7\u00e3o inicial, tanto em raz\u00e3o da minha vontade como pela vontade extraordin\u00e1ria de ver o Lula continuar na presid\u00eancia&#8221;.<\/p>\n<p>\u201cDETERMINO, por fim, a extra\u00e7\u00e3o integral de c\u00f3pias e sua imediata remessa para o Inqu\u00e9rito n. 4.874\/DF e de todos os inqu\u00e9ritos de censura e persegui\u00e7\u00e3o pol\u00edtica, em curso no SUPREMO TRIBUNAL FEDERAL para o CNJ, a fim de que me punam exemplarmente. Diante de todo o exposto, expe\u00e7a-se o competente mandado de pris\u00e3o em desfavor de mim mesmo, Alexandre de Moraes. Publique-se, intime-se e faz o L.\u201d, diz o suposto mandado de pris\u00e3o.<\/p>\n<p>Al\u00e9m da pris\u00e3o do ministro, o texto falso ainda prop\u00f5e que o ministro pague uma multa de R$ 22,9 milh\u00f5es.<\/p>\n<h2>Comunicado do CNJ<\/h2>\n<p>Em nota, o CNJ contou que restringiu todos os acessos ao sistema ap\u00f3s o ocorrido. Confira a nota do \u00f3rg\u00e3o abaixo:<\/p>\n<p>\u201cO Conselho Nacional de Justi\u00e7a identificou inconsist\u00eancia \u2018fora do padr\u00e3o\u2019 no Banco Nacional de Monitoramento de Pris\u00f5es, introduzida por usu\u00e1rio regularmente cadastrado no sistema.\u00a0Cautelarmente, e como medida de seguran\u00e7a, haver\u00e1 restri\u00e7\u00e3o de acessos \u00e0 plataforma, embora esteja preservada a integridade das demais informa\u00e7\u00f5es que foram, regularmente, produzidas dentro do sistema\u201d.<\/p>\n<p>Agora, a Pol\u00edcia Federal investigar\u00e1 se realmente houve um ataque cibern\u00e9tico. Uma das suspeitas \u00e9 que a a\u00e7\u00e3o tenha sido realizada internamente, por algum funcion\u00e1rio que teria acesso ao sistema.<\/p>\n","protected":false},"excerpt":{"rendered":"<p>Na noite da \u00faltima quarta-feira (4), um documento inserido no sistema oficial do Conselho Nacional de Justi\u00e7a (CNJ) consta que\u00a0Alexandre de Moraes\u00a0&#8216;determinou&#8217; sua pr\u00f3pria pris\u00e3o. Ao que tudo indica,\u00a0o sistema foi alvo de um ataque hacker. O texto que chegou ao\u00a0Banco Nacional de Monitoramento de Pris\u00f5es cont\u00e9m v\u00e1rios trechos ironizando a atua\u00e7\u00e3o do ministro.\u00a0&#8220;Sem me [&hellip;]<\/p>\n","protected":false},"author":2,"featured_media":107153,"comment_status":"open","ping_status":"open","sticky":false,"template":"","format":"standard","meta":{"footnotes":"","_links_to":"","_links_to_target":""},"categories":[1],"tags":[],"class_list":["post-107152","post","type-post","status-publish","format-standard","has-post-thumbnail","hentry","category-geral"],"views":731,"_links":{"self":[{"href":"https:\/\/www.sudoestehoje.com.br\/novoportal\/wp-json\/wp\/v2\/posts\/107152","targetHints":{"allow":["GET"]}}],"collection":[{"href":"https:\/\/www.sudoestehoje.com.br\/novoportal\/wp-json\/wp\/v2\/posts"}],"about":[{"href":"https:\/\/www.sudoestehoje.com.br\/novoportal\/wp-json\/wp\/v2\/types\/post"}],"author":[{"embeddable":true,"href":"https:\/\/www.sudoestehoje.com.br\/novoportal\/wp-json\/wp\/v2\/users\/2"}],"replies":[{"embeddable":true,"href":"https:\/\/www.sudoestehoje.com.br\/novoportal\/wp-json\/wp\/v2\/comments?post=107152"}],"version-history":[{"count":3,"href":"https:\/\/www.sudoestehoje.com.br\/novoportal\/wp-json\/wp\/v2\/posts\/107152\/revisions"}],"predecessor-version":[{"id":107156,"href":"https:\/\/www.sudoestehoje.com.br\/novoportal\/wp-json\/wp\/v2\/posts\/107152\/revisions\/107156"}],"wp:featuredmedia":[{"embeddable":true,"href":"https:\/\/www.sudoestehoje.com.br\/novoportal\/wp-json\/wp\/v2\/media\/107153"}],"wp:attachment":[{"href":"https:\/\/www.sudoestehoje.com.br\/novoportal\/wp-json\/wp\/v2\/media?parent=107152"}],"wp:term":[{"taxonomy":"category","embeddable":true,"href":"https:\/\/www.sudoestehoje.com.br\/novoportal\/wp-json\/wp\/v2\/categories?post=107152"},{"taxonomy":"post_tag","embeddable":true,"href":"https:\/\/www.sudoestehoje.com.br\/novoportal\/wp-json\/wp\/v2\/tags?post=107152"}],"curies":[{"name":"wp","href":"https:\/\/api.w.org\/{rel}","templated":true}]}}