
{"id":107135,"date":"2023-01-05T10:03:43","date_gmt":"2023-01-05T13:03:43","guid":{"rendered":"https:\/\/www.sudoestehoje.com.br\/novoportal\/?p=107135"},"modified":"2023-01-05T10:03:43","modified_gmt":"2023-01-05T13:03:43","slug":"itapetinga-setor-da-cultura-passa-a-integrar-a-pasta-da-educacao","status":"publish","type":"post","link":"https:\/\/www.sudoestehoje.com.br\/novoportal\/2023\/01\/05\/itapetinga-setor-da-cultura-passa-a-integrar-a-pasta-da-educacao\/","title":{"rendered":"ITAPETINGA | SETOR DA CULTURA PASSA A INTEGRAR A PASTA DA EDUCA\u00c7\u00c3O"},"content":{"rendered":"<p><a href=\"https:\/\/www.sudoestehoje.com.br\/novoportal\/wp-content\/uploads\/2023\/01\/itapetinga049.jpg\"><img loading=\"lazy\" decoding=\"async\" class=\"aligncenter size-medium wp-image-107136\" src=\"https:\/\/www.sudoestehoje.com.br\/novoportal\/wp-content\/uploads\/2023\/01\/itapetinga049-500x375.jpg\" alt=\"\" width=\"500\" height=\"375\" srcset=\"https:\/\/www.sudoestehoje.com.br\/novoportal\/wp-content\/uploads\/2023\/01\/itapetinga049-500x375.jpg 500w, https:\/\/www.sudoestehoje.com.br\/novoportal\/wp-content\/uploads\/2023\/01\/itapetinga049-700x525.jpg 700w, https:\/\/www.sudoestehoje.com.br\/novoportal\/wp-content\/uploads\/2023\/01\/itapetinga049-768x576.jpg 768w, https:\/\/www.sudoestehoje.com.br\/novoportal\/wp-content\/uploads\/2023\/01\/itapetinga049.jpg 800w\" sizes=\"auto, (max-width: 500px) 100vw, 500px\" \/><\/a><\/p>\n<p>Buscando otimizar a presta\u00e7\u00e3o de servi\u00e7os e a elabora\u00e7\u00e3o de pol\u00edticas p\u00fablicas, a prefeitura de Itapetinga, atrav\u00e9s de projeto de lei aprovado pela C\u00e2mara de Vereadores, alterou a estrutura administrativa e organizacional do munic\u00edpio.<\/p>\n<p>A partir da sua aprova\u00e7\u00e3o, a lei desvincula a secretaria de Cultura \u00e0 de Esporte, Turismo e Lazer e a vincula \u00e0 de Educa\u00e7\u00e3o. Em sua justificativa, o projeto alega existir uma \u201cliga\u00e7\u00e3o quase indissol\u00favel entre educa\u00e7\u00e3o e cultura. N\u00e3o se faz educa\u00e7\u00e3o plenamente sem que tradi\u00e7\u00f5es, costumes e valores culturais sejam debatidos de forma ampla. Assim como n\u00e3o se constr\u00f3i tradi\u00e7\u00f5es e culturas sem educar os nossos jovens\u201d.<\/p>\n<p><strong>CI\u00caNCIA E TECNOLOGIA<\/strong><\/p>\n<p>A lei inclui, ainda, \u00e0 agora Secretaria de Educa\u00e7\u00e3o e Cultura, o setor de Ci\u00eancia e Tecnologia. Ao propor a mudan\u00e7a, a gest\u00e3o municipal acredita que, atualmente, n\u00e3o h\u00e1 como educar sem abranger, no dia a dia das escolas, na rotina dos educandos e educadores, a ci\u00eancia e a tecnologia que t\u00eam ocupado cada vez mais espa\u00e7o no mercado de trabalho.<\/p>\n<p><em> \u201cNossos alunos nasceram ap\u00f3s o ano 2000. N\u00e3o h\u00e1 como educar essa gera\u00e7\u00e3o sem incorporar na sua rotina escolar, tudo que a tecnologia pode lhe oferecer. \u00c9 essencial que utilizemos, na sala de aula e durante toda a sua perman\u00eancia na escola, todas as ferramentas que hoje movem o mundo. \u00c9 preciso que os preparemos para um mercado de trabalho cada vez mais din\u00e2mico, informatizado e tecnol\u00f3gico\u201d<\/em>, disse o secret\u00e1rio F\u00e1bio Viana.<\/p>\n","protected":false},"excerpt":{"rendered":"<p>Buscando otimizar a presta\u00e7\u00e3o de servi\u00e7os e a elabora\u00e7\u00e3o de pol\u00edticas p\u00fablicas, a prefeitura de Itapetinga, atrav\u00e9s de projeto de lei aprovado pela C\u00e2mara de Vereadores, alterou a estrutura administrativa e organizacional do munic\u00edpio. A partir da sua aprova\u00e7\u00e3o, a lei desvincula a secretaria de Cultura \u00e0 de Esporte, Turismo e Lazer e a vincula [&hellip;]<\/p>\n","protected":false},"author":2,"featured_media":107136,"comment_status":"open","ping_status":"open","sticky":false,"template":"","format":"standard","meta":{"footnotes":"","_links_to":"","_links_to_target":""},"categories":[1],"tags":[],"class_list":["post-107135","post","type-post","status-publish","format-standard","has-post-thumbnail","hentry","category-geral"],"views":722,"_links":{"self":[{"href":"https:\/\/www.sudoestehoje.com.br\/novoportal\/wp-json\/wp\/v2\/posts\/107135","targetHints":{"allow":["GET"]}}],"collection":[{"href":"https:\/\/www.sudoestehoje.com.br\/novoportal\/wp-json\/wp\/v2\/posts"}],"about":[{"href":"https:\/\/www.sudoestehoje.com.br\/novoportal\/wp-json\/wp\/v2\/types\/post"}],"author":[{"embeddable":true,"href":"https:\/\/www.sudoestehoje.com.br\/novoportal\/wp-json\/wp\/v2\/users\/2"}],"replies":[{"embeddable":true,"href":"https:\/\/www.sudoestehoje.com.br\/novoportal\/wp-json\/wp\/v2\/comments?post=107135"}],"version-history":[{"count":1,"href":"https:\/\/www.sudoestehoje.com.br\/novoportal\/wp-json\/wp\/v2\/posts\/107135\/revisions"}],"predecessor-version":[{"id":107137,"href":"https:\/\/www.sudoestehoje.com.br\/novoportal\/wp-json\/wp\/v2\/posts\/107135\/revisions\/107137"}],"wp:featuredmedia":[{"embeddable":true,"href":"https:\/\/www.sudoestehoje.com.br\/novoportal\/wp-json\/wp\/v2\/media\/107136"}],"wp:attachment":[{"href":"https:\/\/www.sudoestehoje.com.br\/novoportal\/wp-json\/wp\/v2\/media?parent=107135"}],"wp:term":[{"taxonomy":"category","embeddable":true,"href":"https:\/\/www.sudoestehoje.com.br\/novoportal\/wp-json\/wp\/v2\/categories?post=107135"},{"taxonomy":"post_tag","embeddable":true,"href":"https:\/\/www.sudoestehoje.com.br\/novoportal\/wp-json\/wp\/v2\/tags?post=107135"}],"curies":[{"name":"wp","href":"https:\/\/api.w.org\/{rel}","templated":true}]}}