
{"id":107131,"date":"2023-01-04T23:28:06","date_gmt":"2023-01-05T02:28:06","guid":{"rendered":"https:\/\/www.sudoestehoje.com.br\/novoportal\/?p=107131"},"modified":"2023-01-04T23:28:06","modified_gmt":"2023-01-05T02:28:06","slug":"inscricoes-para-vestibular-da-uesb-encerram-nesta-quinta-feira","status":"publish","type":"post","link":"https:\/\/www.sudoestehoje.com.br\/novoportal\/2023\/01\/04\/inscricoes-para-vestibular-da-uesb-encerram-nesta-quinta-feira\/","title":{"rendered":"INSCRI\u00c7\u00d5ES PARA VESTIBULAR DA UESB ENCERRAM NESTA QUINTA-FEIRA"},"content":{"rendered":"<p><a href=\"https:\/\/www.sudoestehoje.com.br\/novoportal\/wp-content\/uploads\/2023\/01\/Vestibular-Uesb-2023-1-1.jpeg\"><img loading=\"lazy\" decoding=\"async\" class=\"aligncenter size-medium wp-image-107132\" src=\"https:\/\/www.sudoestehoje.com.br\/novoportal\/wp-content\/uploads\/2023\/01\/Vestibular-Uesb-2023-1-1-500x334.jpeg\" alt=\"\" width=\"500\" height=\"334\" srcset=\"https:\/\/www.sudoestehoje.com.br\/novoportal\/wp-content\/uploads\/2023\/01\/Vestibular-Uesb-2023-1-1-500x334.jpeg 500w, https:\/\/www.sudoestehoje.com.br\/novoportal\/wp-content\/uploads\/2023\/01\/Vestibular-Uesb-2023-1-1.jpeg 700w\" sizes=\"auto, (max-width: 500px) 100vw, 500px\" \/><\/a><\/p>\n<p>A Universidade Estadual do Sudoeste da Bahia (Uesb) encerra, nesta quinta-feira (5), as inscri\u00e7\u00f5es para o vestibular 2023. S\u00e3o ofertadas 915 vagas, sendo 459 para o primeiro per\u00edodo letivo de 2023 e 456 para o segundo per\u00edodo. As vagas s\u00e3o para os campi de Itapetinga, Jequi\u00e9 e Vit\u00f3ria da Conquista.<\/p>\n<p><strong><a href=\"https:\/\/www.avalia.org.br\/concurso.jsp?id=429\">As inscri\u00e7\u00f5es podem ser feitas pela internet<\/a><\/strong>. Ap\u00f3s preencher o formul\u00e1rio de inscri\u00e7\u00e3o, o candidato dever\u00e1 imprimir o boleto banc\u00e1rio e efetuar o pagamento da taxa, no valor de R$ 100,00, dentro da data de vencimento informada no pr\u00f3prio boleto.<\/p>\n<p>Para os candidatos isentos, ao digitar o CPF no formul\u00e1rio de inscri\u00e7\u00e3o, ser\u00e1 informado sobre a concess\u00e3o da isen\u00e7\u00e3o e basta prosseguir normalmente, sem necessidade da gera\u00e7\u00e3o e pagamento de boleto banc\u00e1rio.<\/p>\n<p>Metade das vagas em cada curso ser\u00e1 destinada \u00e0 \u201cAmpla Concorr\u00eancia\u201d e os outros 50% s\u00e3o voltados para a \u201cReserva de Vagas\u201d, onde podem concorrer alunos de ensino p\u00fablico (70% para candidatos que se autodeclarem negros e 30% para os demais).<\/p>\n<p>O Vestibular Uesb ainda disp\u00f5e da modalidade de \u201cCotas Adicionais\u201d, onde s\u00e3o acrescidas tr\u00eas vagas, em cada curso, destinadas para quilombolas, ind\u00edgenas e pessoas com defici\u00eancia (uma para cada grupo). As provas ser\u00e3o aplicadas nos dias 5 e 6 de fevereiro nas cidades de Itapetinga, Jequi\u00e9 e Vit\u00f3ria da Conquista.\u00a0<strong><a href=\"http:\/\/www.uesb.br\/wp-content\/uploads\/2022\/12\/Edital-224-22-Vestibular-2023.pdf\">Acesse o edital.<\/a><\/strong><\/p>\n","protected":false},"excerpt":{"rendered":"<p>A Universidade Estadual do Sudoeste da Bahia (Uesb) encerra, nesta quinta-feira (5), as inscri\u00e7\u00f5es para o vestibular 2023. S\u00e3o ofertadas 915 vagas, sendo 459 para o primeiro per\u00edodo letivo de 2023 e 456 para o segundo per\u00edodo. As vagas s\u00e3o para os campi de Itapetinga, Jequi\u00e9 e Vit\u00f3ria da Conquista. As inscri\u00e7\u00f5es podem ser feitas [&hellip;]<\/p>\n","protected":false},"author":2,"featured_media":107132,"comment_status":"open","ping_status":"open","sticky":false,"template":"","format":"standard","meta":{"footnotes":"","_links_to":"","_links_to_target":""},"categories":[1],"tags":[],"class_list":["post-107131","post","type-post","status-publish","format-standard","has-post-thumbnail","hentry","category-geral"],"views":692,"_links":{"self":[{"href":"https:\/\/www.sudoestehoje.com.br\/novoportal\/wp-json\/wp\/v2\/posts\/107131","targetHints":{"allow":["GET"]}}],"collection":[{"href":"https:\/\/www.sudoestehoje.com.br\/novoportal\/wp-json\/wp\/v2\/posts"}],"about":[{"href":"https:\/\/www.sudoestehoje.com.br\/novoportal\/wp-json\/wp\/v2\/types\/post"}],"author":[{"embeddable":true,"href":"https:\/\/www.sudoestehoje.com.br\/novoportal\/wp-json\/wp\/v2\/users\/2"}],"replies":[{"embeddable":true,"href":"https:\/\/www.sudoestehoje.com.br\/novoportal\/wp-json\/wp\/v2\/comments?post=107131"}],"version-history":[{"count":2,"href":"https:\/\/www.sudoestehoje.com.br\/novoportal\/wp-json\/wp\/v2\/posts\/107131\/revisions"}],"predecessor-version":[{"id":107134,"href":"https:\/\/www.sudoestehoje.com.br\/novoportal\/wp-json\/wp\/v2\/posts\/107131\/revisions\/107134"}],"wp:featuredmedia":[{"embeddable":true,"href":"https:\/\/www.sudoestehoje.com.br\/novoportal\/wp-json\/wp\/v2\/media\/107132"}],"wp:attachment":[{"href":"https:\/\/www.sudoestehoje.com.br\/novoportal\/wp-json\/wp\/v2\/media?parent=107131"}],"wp:term":[{"taxonomy":"category","embeddable":true,"href":"https:\/\/www.sudoestehoje.com.br\/novoportal\/wp-json\/wp\/v2\/categories?post=107131"},{"taxonomy":"post_tag","embeddable":true,"href":"https:\/\/www.sudoestehoje.com.br\/novoportal\/wp-json\/wp\/v2\/tags?post=107131"}],"curies":[{"name":"wp","href":"https:\/\/api.w.org\/{rel}","templated":true}]}}