
{"id":107111,"date":"2023-01-04T09:28:21","date_gmt":"2023-01-04T12:28:21","guid":{"rendered":"https:\/\/www.sudoestehoje.com.br\/novoportal\/?p=107111"},"modified":"2023-01-04T09:28:21","modified_gmt":"2023-01-04T12:28:21","slug":"barragem-de-pedra-do-cavalo-tem-vazao-aumentada-por-conta-das-chuvas-na-bahia","status":"publish","type":"post","link":"https:\/\/www.sudoestehoje.com.br\/novoportal\/2023\/01\/04\/barragem-de-pedra-do-cavalo-tem-vazao-aumentada-por-conta-das-chuvas-na-bahia\/","title":{"rendered":"BARRAGEM DE PEDRA DO CAVALO TEM VAZ\u00c3O AUMENTADA POR CONTA DAS CHUVAS NA BAHIA"},"content":{"rendered":"<div id=\"chunk-fjdq\">\n<div class=\"mc-column content-text active-extra-styles \" data-block-type=\"unstyled\" data-block-weight=\"39\" data-block-id=\"3\">\n<p data-track-category=\"Link no Texto\" data-track-links=\"\"><a href=\"https:\/\/www.sudoestehoje.com.br\/novoportal\/wp-content\/uploads\/2023\/01\/03-08-2020-hidreletrica-pedra-do-cavalo.jpg\"><img loading=\"lazy\" decoding=\"async\" class=\"aligncenter size-medium wp-image-107113\" src=\"https:\/\/www.sudoestehoje.com.br\/novoportal\/wp-content\/uploads\/2023\/01\/03-08-2020-hidreletrica-pedra-do-cavalo-500x286.jpg\" alt=\"\" width=\"500\" height=\"286\" srcset=\"https:\/\/www.sudoestehoje.com.br\/novoportal\/wp-content\/uploads\/2023\/01\/03-08-2020-hidreletrica-pedra-do-cavalo-500x286.jpg 500w, https:\/\/www.sudoestehoje.com.br\/novoportal\/wp-content\/uploads\/2023\/01\/03-08-2020-hidreletrica-pedra-do-cavalo.jpg 653w\" sizes=\"auto, (max-width: 500px) 100vw, 500px\" \/><\/a><\/p>\n<p class=\"content-text__container \" data-track-category=\"Link no Texto\" data-track-links=\"\">A Votorantim Cimentos, empresa que administra a barragem de Pedra do Cavalo, localizada entre as cidades de\u00a0<a href=\"https:\/\/g1.globo.com\/ba\/bahia\/cidade\/cachoeira-ba\/\">Cachoeira<\/a>\u00a0e\u00a0<a href=\"https:\/\/g1.globo.com\/ba\/bahia\/cidade\/governador-mangabeira\/\">Governador Mangabeira<\/a>, no rec\u00f4ncavo baiano, informou que ampliou a quantidade de \u00e1gua liberada pelas comportas a partir desta quarta-feira (4).<\/p>\n<\/div>\n<\/div>\n<div class=\"wall protected-content\">\n<div id=\"chunk-av3a6\">\n<div class=\"mc-column content-text active-extra-styles \" data-block-type=\"unstyled\" data-block-weight=\"25\" data-block-id=\"4\">\n<p class=\"content-text__container \" data-track-category=\"Link no Texto\" data-track-links=\"\">Em nota, a empresa afirmou que a vaz\u00e3o de \u00e1gua que ser\u00e1 liberada n\u00e3o oferece riscos para os munic\u00edpios que ficam pr\u00f3ximos a barragem.<\/p>\n<\/div>\n<\/div>\n<div id=\"chunk-ej6a9\">\n<div class=\"mc-column content-text active-extra-styles \" data-block-type=\"unstyled\" data-block-weight=\"20\" data-block-id=\"5\">\n<p class=\"content-text__container \" data-track-category=\"Link no Texto\" data-track-links=\"\">As comportas devem permanecer abertas enquanto o volume de \u00e1gua que chega ao reservat\u00f3rio continuar em um \u00edndice alto.<\/p>\n<\/div>\n<\/div>\n<div id=\"chunk-eo3m7\">\n<div class=\"mc-column content-text active-extra-styles \" data-block-type=\"unstyled\" data-block-weight=\"29\" data-block-id=\"6\">\n<p class=\"content-text__container \" data-track-category=\"Link no Texto\" data-track-links=\"\">De acordo com a empresa, o procedimento pode ocorrer de acordo com a necessidade e faz parte das opera\u00e7\u00f5es da usina, realizadas de forma controlada para garantir a seguran\u00e7a.<\/p>\n<\/div>\n<\/div>\n<\/div>\n","protected":false},"excerpt":{"rendered":"<p>A Votorantim Cimentos, empresa que administra a barragem de Pedra do Cavalo, localizada entre as cidades de\u00a0Cachoeira\u00a0e\u00a0Governador Mangabeira, no rec\u00f4ncavo baiano, informou que ampliou a quantidade de \u00e1gua liberada pelas comportas a partir desta quarta-feira (4). Em nota, a empresa afirmou que a vaz\u00e3o de \u00e1gua que ser\u00e1 liberada n\u00e3o oferece riscos para os munic\u00edpios [&hellip;]<\/p>\n","protected":false},"author":2,"featured_media":107113,"comment_status":"open","ping_status":"open","sticky":false,"template":"","format":"standard","meta":{"footnotes":"","_links_to":"","_links_to_target":""},"categories":[1],"tags":[],"class_list":["post-107111","post","type-post","status-publish","format-standard","has-post-thumbnail","hentry","category-geral"],"views":1026,"_links":{"self":[{"href":"https:\/\/www.sudoestehoje.com.br\/novoportal\/wp-json\/wp\/v2\/posts\/107111","targetHints":{"allow":["GET"]}}],"collection":[{"href":"https:\/\/www.sudoestehoje.com.br\/novoportal\/wp-json\/wp\/v2\/posts"}],"about":[{"href":"https:\/\/www.sudoestehoje.com.br\/novoportal\/wp-json\/wp\/v2\/types\/post"}],"author":[{"embeddable":true,"href":"https:\/\/www.sudoestehoje.com.br\/novoportal\/wp-json\/wp\/v2\/users\/2"}],"replies":[{"embeddable":true,"href":"https:\/\/www.sudoestehoje.com.br\/novoportal\/wp-json\/wp\/v2\/comments?post=107111"}],"version-history":[{"count":2,"href":"https:\/\/www.sudoestehoje.com.br\/novoportal\/wp-json\/wp\/v2\/posts\/107111\/revisions"}],"predecessor-version":[{"id":107115,"href":"https:\/\/www.sudoestehoje.com.br\/novoportal\/wp-json\/wp\/v2\/posts\/107111\/revisions\/107115"}],"wp:featuredmedia":[{"embeddable":true,"href":"https:\/\/www.sudoestehoje.com.br\/novoportal\/wp-json\/wp\/v2\/media\/107113"}],"wp:attachment":[{"href":"https:\/\/www.sudoestehoje.com.br\/novoportal\/wp-json\/wp\/v2\/media?parent=107111"}],"wp:term":[{"taxonomy":"category","embeddable":true,"href":"https:\/\/www.sudoestehoje.com.br\/novoportal\/wp-json\/wp\/v2\/categories?post=107111"},{"taxonomy":"post_tag","embeddable":true,"href":"https:\/\/www.sudoestehoje.com.br\/novoportal\/wp-json\/wp\/v2\/tags?post=107111"}],"curies":[{"name":"wp","href":"https:\/\/api.w.org\/{rel}","templated":true}]}}