
{"id":107108,"date":"2023-01-04T09:13:30","date_gmt":"2023-01-04T12:13:30","guid":{"rendered":"https:\/\/www.sudoestehoje.com.br\/novoportal\/?p=107108"},"modified":"2023-01-04T09:13:30","modified_gmt":"2023-01-04T12:13:30","slug":"saae-interrompe-fornecimento-de-agua-para-lavagem-dos-decantadores","status":"publish","type":"post","link":"https:\/\/www.sudoestehoje.com.br\/novoportal\/2023\/01\/04\/saae-interrompe-fornecimento-de-agua-para-lavagem-dos-decantadores\/","title":{"rendered":"SAAE INTERROMPE FORNECIMENTO DE \u00c1GUA PARA LAVAGEM DOS DECANTADORES"},"content":{"rendered":"<p><a href=\"https:\/\/www.sudoestehoje.com.br\/novoportal\/wp-content\/uploads\/2023\/01\/NIVEL-DO-RIO-AS-947H-23122022-1024x427-1.png\"><img loading=\"lazy\" decoding=\"async\" class=\"aligncenter size-medium wp-image-107109\" src=\"https:\/\/www.sudoestehoje.com.br\/novoportal\/wp-content\/uploads\/2023\/01\/NIVEL-DO-RIO-AS-947H-23122022-1024x427-1-500x208.png\" alt=\"\" width=\"500\" height=\"208\" srcset=\"https:\/\/www.sudoestehoje.com.br\/novoportal\/wp-content\/uploads\/2023\/01\/NIVEL-DO-RIO-AS-947H-23122022-1024x427-1-500x208.png 500w, https:\/\/www.sudoestehoje.com.br\/novoportal\/wp-content\/uploads\/2023\/01\/NIVEL-DO-RIO-AS-947H-23122022-1024x427-1-700x292.png 700w, https:\/\/www.sudoestehoje.com.br\/novoportal\/wp-content\/uploads\/2023\/01\/NIVEL-DO-RIO-AS-947H-23122022-1024x427-1-768x320.png 768w, https:\/\/www.sudoestehoje.com.br\/novoportal\/wp-content\/uploads\/2023\/01\/NIVEL-DO-RIO-AS-947H-23122022-1024x427-1.png 1024w\" sizes=\"auto, (max-width: 500px) 100vw, 500px\" \/><\/a><\/p>\n<p>O SAAE de Itapetinga informa aos seus usu\u00e1rios que nesta QUARTA-FEIRA, 04\/01, a partir das 17:30h, ser\u00e1 feita a lavagem de um dos decantadores da ETA-Esta\u00e7\u00e3o de Tratamento de \u00c1gua, procedimento regular e necess\u00e1rio \u00e0 garantia do fornecimento de uma \u00e1gua de excelente qualidade aos mun\u00edcipes.<\/p>\n<p>O abastecimento ser\u00e1 interrompido entre as 17:30h e 00:00h, para os bairros: CENTRO, PRIMAVERA, CLODOALDO COSTA, OT\u00c1VIO CAM\u00d5ES, QUINTAS DO SUL, RECANTO DA COLINA, ECOSANE, VIT\u00d3RIA R\u00c9GIA, JOS\u00c9 IVO, VILA \u00c9RICA, \u00c2NGELA ESPINHEIRA, e OS RESIDENCIAIS RIO CATOL\u00c9 E VIVENDAS DO CATOL\u00c9.<\/p>\n<p>Recomendamos a economia no uso da \u00e1gua do seu reservat\u00f3rio residencial, para que n\u00e3o fique sem \u00e1gua durante este per\u00edodo.\u00a0Mais uma vez agradecemos a aten\u00e7\u00e3o e compreens\u00e3o de todos os usu\u00e1rios.<\/p>\n<p>A Dire\u00e7\u00e3o<\/p>\n","protected":false},"excerpt":{"rendered":"<p>O SAAE de Itapetinga informa aos seus usu\u00e1rios que nesta QUARTA-FEIRA, 04\/01, a partir das 17:30h, ser\u00e1 feita a lavagem de um dos decantadores da ETA-Esta\u00e7\u00e3o de Tratamento de \u00c1gua, procedimento regular e necess\u00e1rio \u00e0 garantia do fornecimento de uma \u00e1gua de excelente qualidade aos mun\u00edcipes. O abastecimento ser\u00e1 interrompido entre as 17:30h e 00:00h, [&hellip;]<\/p>\n","protected":false},"author":2,"featured_media":107109,"comment_status":"open","ping_status":"open","sticky":false,"template":"","format":"standard","meta":{"footnotes":"","_links_to":"","_links_to_target":""},"categories":[1],"tags":[],"class_list":["post-107108","post","type-post","status-publish","format-standard","has-post-thumbnail","hentry","category-geral"],"views":678,"_links":{"self":[{"href":"https:\/\/www.sudoestehoje.com.br\/novoportal\/wp-json\/wp\/v2\/posts\/107108","targetHints":{"allow":["GET"]}}],"collection":[{"href":"https:\/\/www.sudoestehoje.com.br\/novoportal\/wp-json\/wp\/v2\/posts"}],"about":[{"href":"https:\/\/www.sudoestehoje.com.br\/novoportal\/wp-json\/wp\/v2\/types\/post"}],"author":[{"embeddable":true,"href":"https:\/\/www.sudoestehoje.com.br\/novoportal\/wp-json\/wp\/v2\/users\/2"}],"replies":[{"embeddable":true,"href":"https:\/\/www.sudoestehoje.com.br\/novoportal\/wp-json\/wp\/v2\/comments?post=107108"}],"version-history":[{"count":1,"href":"https:\/\/www.sudoestehoje.com.br\/novoportal\/wp-json\/wp\/v2\/posts\/107108\/revisions"}],"predecessor-version":[{"id":107110,"href":"https:\/\/www.sudoestehoje.com.br\/novoportal\/wp-json\/wp\/v2\/posts\/107108\/revisions\/107110"}],"wp:featuredmedia":[{"embeddable":true,"href":"https:\/\/www.sudoestehoje.com.br\/novoportal\/wp-json\/wp\/v2\/media\/107109"}],"wp:attachment":[{"href":"https:\/\/www.sudoestehoje.com.br\/novoportal\/wp-json\/wp\/v2\/media?parent=107108"}],"wp:term":[{"taxonomy":"category","embeddable":true,"href":"https:\/\/www.sudoestehoje.com.br\/novoportal\/wp-json\/wp\/v2\/categories?post=107108"},{"taxonomy":"post_tag","embeddable":true,"href":"https:\/\/www.sudoestehoje.com.br\/novoportal\/wp-json\/wp\/v2\/tags?post=107108"}],"curies":[{"name":"wp","href":"https:\/\/api.w.org\/{rel}","templated":true}]}}