
{"id":107095,"date":"2023-01-02T16:15:25","date_gmt":"2023-01-02T19:15:25","guid":{"rendered":"https:\/\/www.sudoestehoje.com.br\/novoportal\/?p=107095"},"modified":"2023-01-04T23:11:21","modified_gmt":"2023-01-05T02:11:21","slug":"camara-de-vereadores-de-itapetinga-empossa-nova-mesa-diretora","status":"publish","type":"post","link":"https:\/\/www.sudoestehoje.com.br\/novoportal\/2023\/01\/02\/camara-de-vereadores-de-itapetinga-empossa-nova-mesa-diretora\/","title":{"rendered":"C\u00c2MARA DE VEREADORES DE ITAPETINGA EMPOSSA NOVA MESA DIRETORA"},"content":{"rendered":"<p><a href=\"https:\/\/www.sudoestehoje.com.br\/novoportal\/wp-content\/uploads\/2023\/01\/DSC_0078.jpg\"><img loading=\"lazy\" decoding=\"async\" class=\"size-medium wp-image-107096\" src=\"https:\/\/www.sudoestehoje.com.br\/novoportal\/wp-content\/uploads\/2023\/01\/DSC_0078-500x334.jpg\" alt=\"\" width=\"500\" height=\"334\" srcset=\"https:\/\/www.sudoestehoje.com.br\/novoportal\/wp-content\/uploads\/2023\/01\/DSC_0078-500x334.jpg 500w, https:\/\/www.sudoestehoje.com.br\/novoportal\/wp-content\/uploads\/2023\/01\/DSC_0078.jpg 640w\" sizes=\"auto, (max-width: 500px) 100vw, 500px\" \/><\/a><\/p>\n<p>A nova Mesa Diretora da C\u00e2mara Municipal de Itapetinga assumiu os trabalhos neste domingo (1\u00ba). Foi realizada uma sess\u00e3o solene para marcar o in\u00edcio da nova gest\u00e3o que comandar\u00e1 a Casa Legislativa no bi\u00eanio 2023-2024.<\/p>\n<p>A composi\u00e7\u00e3o da nova Mesa Diretora tem o vereador Jo\u00e3o de Deus (MDB) na presid\u00eancia, Tarug\u00e3o (MDB) na vice-presid\u00eancia, Geg\u00ea (PSB) no cargo de primeiro-secret\u00e1rio e Helder de Bandeira (PSC) como segundo-secret\u00e1rio. <a href=\"https:\/\/www.itapetinga.ba.leg.br\/nova-mesa-diretora-assume-trabalhos-na-camara-municipal-de-itapetinga\/\"><span style=\"color: #0000ff;\">CONFIRA MAT\u00c9RIA COMPLETA<\/span><\/a><\/p>\n","protected":false},"excerpt":{"rendered":"<p>A nova Mesa Diretora da C\u00e2mara Municipal de Itapetinga assumiu os trabalhos neste domingo (1\u00ba). Foi realizada uma sess\u00e3o solene para marcar o in\u00edcio da nova gest\u00e3o que comandar\u00e1 a Casa Legislativa no bi\u00eanio 2023-2024. A composi\u00e7\u00e3o da nova Mesa Diretora tem o vereador Jo\u00e3o de Deus (MDB) na presid\u00eancia, Tarug\u00e3o (MDB) na vice-presid\u00eancia, Geg\u00ea [&hellip;]<\/p>\n","protected":false},"author":2,"featured_media":107096,"comment_status":"open","ping_status":"open","sticky":false,"template":"","format":"standard","meta":{"footnotes":"","_links_to":"","_links_to_target":""},"categories":[1],"tags":[],"class_list":["post-107095","post","type-post","status-publish","format-standard","has-post-thumbnail","hentry","category-geral"],"views":741,"_links":{"self":[{"href":"https:\/\/www.sudoestehoje.com.br\/novoportal\/wp-json\/wp\/v2\/posts\/107095","targetHints":{"allow":["GET"]}}],"collection":[{"href":"https:\/\/www.sudoestehoje.com.br\/novoportal\/wp-json\/wp\/v2\/posts"}],"about":[{"href":"https:\/\/www.sudoestehoje.com.br\/novoportal\/wp-json\/wp\/v2\/types\/post"}],"author":[{"embeddable":true,"href":"https:\/\/www.sudoestehoje.com.br\/novoportal\/wp-json\/wp\/v2\/users\/2"}],"replies":[{"embeddable":true,"href":"https:\/\/www.sudoestehoje.com.br\/novoportal\/wp-json\/wp\/v2\/comments?post=107095"}],"version-history":[{"count":3,"href":"https:\/\/www.sudoestehoje.com.br\/novoportal\/wp-json\/wp\/v2\/posts\/107095\/revisions"}],"predecessor-version":[{"id":107130,"href":"https:\/\/www.sudoestehoje.com.br\/novoportal\/wp-json\/wp\/v2\/posts\/107095\/revisions\/107130"}],"wp:featuredmedia":[{"embeddable":true,"href":"https:\/\/www.sudoestehoje.com.br\/novoportal\/wp-json\/wp\/v2\/media\/107096"}],"wp:attachment":[{"href":"https:\/\/www.sudoestehoje.com.br\/novoportal\/wp-json\/wp\/v2\/media?parent=107095"}],"wp:term":[{"taxonomy":"category","embeddable":true,"href":"https:\/\/www.sudoestehoje.com.br\/novoportal\/wp-json\/wp\/v2\/categories?post=107095"},{"taxonomy":"post_tag","embeddable":true,"href":"https:\/\/www.sudoestehoje.com.br\/novoportal\/wp-json\/wp\/v2\/tags?post=107095"}],"curies":[{"name":"wp","href":"https:\/\/api.w.org\/{rel}","templated":true}]}}