
{"id":106581,"date":"2022-12-06T09:23:17","date_gmt":"2022-12-06T12:23:17","guid":{"rendered":"https:\/\/www.sudoestehoje.com.br\/novoportal\/?p=106581"},"modified":"2022-12-06T09:23:17","modified_gmt":"2022-12-06T12:23:17","slug":"bahia-registra-3-297-casos-de-covid-19-e-duas-mortes-nas-ultimas-72-horas","status":"publish","type":"post","link":"https:\/\/www.sudoestehoje.com.br\/novoportal\/2022\/12\/06\/bahia-registra-3-297-casos-de-covid-19-e-duas-mortes-nas-ultimas-72-horas\/","title":{"rendered":"BAHIA REGISTRA 3.297 CASOS DE COVID-19 E DUAS MORTES NAS \u00daLTIMAS 72 HORAS"},"content":{"rendered":"<div id=\"chunk-6q58a\">\n<div class=\"mc-column content-text active-extra-styles \" data-block-type=\"unstyled\" data-block-weight=\"37\" data-block-id=\"3\">\n<p data-track-category=\"Link no Texto\" data-track-links=\"\"><a href=\"https:\/\/www.sudoestehoje.com.br\/novoportal\/wp-content\/uploads\/2022\/12\/foto-mateus-pereira-govba-2-1-.webp\"><img loading=\"lazy\" decoding=\"async\" class=\"aligncenter size-medium wp-image-106583\" src=\"https:\/\/www.sudoestehoje.com.br\/novoportal\/wp-content\/uploads\/2022\/12\/foto-mateus-pereira-govba-2-1--500x314.webp\" alt=\"\" width=\"500\" height=\"314\" srcset=\"https:\/\/www.sudoestehoje.com.br\/novoportal\/wp-content\/uploads\/2022\/12\/foto-mateus-pereira-govba-2-1--500x314.webp 500w, https:\/\/www.sudoestehoje.com.br\/novoportal\/wp-content\/uploads\/2022\/12\/foto-mateus-pereira-govba-2-1--700x439.webp 700w, https:\/\/www.sudoestehoje.com.br\/novoportal\/wp-content\/uploads\/2022\/12\/foto-mateus-pereira-govba-2-1--768x482.webp 768w, https:\/\/www.sudoestehoje.com.br\/novoportal\/wp-content\/uploads\/2022\/12\/foto-mateus-pereira-govba-2-1-.webp 984w\" sizes=\"auto, (max-width: 500px) 100vw, 500px\" \/><\/a><\/p>\n<p class=\"content-text__container \" data-track-category=\"Link no Texto\" data-track-links=\"\">A Bahia registrou, nas \u00faltimas 72 horas, 3.297 casos de Covid-19 e duas mortes pela doen\u00e7a, segundo boletim divulgado pela Secretaria da Sa\u00fade do Estado da Bahia (Sesab) nesta segunda-feira (5). Al\u00e9m disso, 7.694 casos est\u00e3o ativos.<\/p>\n<\/div>\n<\/div>\n<div class=\"wall protected-content\">\n<div id=\"chunk-26bgr\">\n<div class=\"mc-column content-text active-extra-styles \" data-block-type=\"unstyled\" data-block-weight=\"27\" data-block-id=\"4\">\n<p class=\"content-text__container \" data-track-category=\"Link no Texto\" data-track-links=\"\">Dos 1.727.338 casos confirmados desde o in\u00edcio da pandemia, 1.688.765 s\u00e3o considerados recuperados e 30.879 morreram, mas a Sesab alerta que estes dados ainda podem sofrer altera\u00e7\u00f5es.<\/p>\n<\/div>\n<\/div>\n<div id=\"chunk-76ub8\">\n<div class=\"mc-column content-text active-extra-styles \" data-block-type=\"unstyled\" data-block-weight=\"37\" data-block-id=\"5\">\n<p class=\"content-text__container \" data-track-category=\"Link no Texto\" data-track-links=\"\">Os dados mostram ainda os \u00edndices da ocupa\u00e7\u00e3o de leitos exclusivos para pacientes com a doen\u00e7a. No estado, a taxa geral de ocupa\u00e7\u00e3o \u00e9 de 63%, e em\u00a0<a href=\"https:\/\/g1.globo.com\/ba\/bahia\/cidade\/salvador\/\">Salvador<\/a>\u00a0de 73%.<\/p>\n<\/div>\n<\/div>\n<\/div>\n","protected":false},"excerpt":{"rendered":"<p>A Bahia registrou, nas \u00faltimas 72 horas, 3.297 casos de Covid-19 e duas mortes pela doen\u00e7a, segundo boletim divulgado pela Secretaria da Sa\u00fade do Estado da Bahia (Sesab) nesta segunda-feira (5). Al\u00e9m disso, 7.694 casos est\u00e3o ativos. Dos 1.727.338 casos confirmados desde o in\u00edcio da pandemia, 1.688.765 s\u00e3o considerados recuperados e 30.879 morreram, mas a [&hellip;]<\/p>\n","protected":false},"author":2,"featured_media":106583,"comment_status":"open","ping_status":"open","sticky":false,"template":"","format":"standard","meta":{"footnotes":"","_links_to":"","_links_to_target":""},"categories":[1],"tags":[],"class_list":["post-106581","post","type-post","status-publish","format-standard","has-post-thumbnail","hentry","category-geral"],"views":690,"_links":{"self":[{"href":"https:\/\/www.sudoestehoje.com.br\/novoportal\/wp-json\/wp\/v2\/posts\/106581","targetHints":{"allow":["GET"]}}],"collection":[{"href":"https:\/\/www.sudoestehoje.com.br\/novoportal\/wp-json\/wp\/v2\/posts"}],"about":[{"href":"https:\/\/www.sudoestehoje.com.br\/novoportal\/wp-json\/wp\/v2\/types\/post"}],"author":[{"embeddable":true,"href":"https:\/\/www.sudoestehoje.com.br\/novoportal\/wp-json\/wp\/v2\/users\/2"}],"replies":[{"embeddable":true,"href":"https:\/\/www.sudoestehoje.com.br\/novoportal\/wp-json\/wp\/v2\/comments?post=106581"}],"version-history":[{"count":2,"href":"https:\/\/www.sudoestehoje.com.br\/novoportal\/wp-json\/wp\/v2\/posts\/106581\/revisions"}],"predecessor-version":[{"id":106584,"href":"https:\/\/www.sudoestehoje.com.br\/novoportal\/wp-json\/wp\/v2\/posts\/106581\/revisions\/106584"}],"wp:featuredmedia":[{"embeddable":true,"href":"https:\/\/www.sudoestehoje.com.br\/novoportal\/wp-json\/wp\/v2\/media\/106583"}],"wp:attachment":[{"href":"https:\/\/www.sudoestehoje.com.br\/novoportal\/wp-json\/wp\/v2\/media?parent=106581"}],"wp:term":[{"taxonomy":"category","embeddable":true,"href":"https:\/\/www.sudoestehoje.com.br\/novoportal\/wp-json\/wp\/v2\/categories?post=106581"},{"taxonomy":"post_tag","embeddable":true,"href":"https:\/\/www.sudoestehoje.com.br\/novoportal\/wp-json\/wp\/v2\/tags?post=106581"}],"curies":[{"name":"wp","href":"https:\/\/api.w.org\/{rel}","templated":true}]}}