
{"id":106515,"date":"2022-12-03T20:16:47","date_gmt":"2022-12-03T23:16:47","guid":{"rendered":"https:\/\/www.sudoestehoje.com.br\/novoportal\/?p=106515"},"modified":"2022-12-03T22:21:18","modified_gmt":"2022-12-04T01:21:18","slug":"itapetinga-prefeito-rodrigo-vai-fazer-endoscopia-na-proxima-segunda","status":"publish","type":"post","link":"https:\/\/www.sudoestehoje.com.br\/novoportal\/2022\/12\/03\/itapetinga-prefeito-rodrigo-vai-fazer-endoscopia-na-proxima-segunda\/","title":{"rendered":"ITAPETINGA | PREFEITO RODRIGO VAI FAZER ENDOSCOPIA NA PR\u00d3XIMA SEGUNDA"},"content":{"rendered":"<p><a href=\"https:\/\/www.sudoestehoje.com.br\/novoportal\/wp-content\/uploads\/2022\/12\/RG.jpg\"><img loading=\"lazy\" decoding=\"async\" class=\"aligncenter size-medium wp-image-106516\" src=\"https:\/\/www.sudoestehoje.com.br\/novoportal\/wp-content\/uploads\/2022\/12\/RG-500x349.jpg\" alt=\"\" width=\"500\" height=\"349\" srcset=\"https:\/\/www.sudoestehoje.com.br\/novoportal\/wp-content\/uploads\/2022\/12\/RG-500x349.jpg 500w, https:\/\/www.sudoestehoje.com.br\/novoportal\/wp-content\/uploads\/2022\/12\/RG.jpg 601w\" sizes=\"auto, (max-width: 500px) 100vw, 500px\" \/><\/a><\/p>\n<p>Depois das informa\u00e7\u00f5es desencontradas sobre a sa\u00fade do prefeito Rodrigo Hagge (MDB), na \u00faltima quinta, e os esclarecimentos do pr\u00f3prio chefe do executivo, a popula\u00e7\u00e3o do munic\u00edpio foi tranquilizada.<\/p>\n<p>Neste s\u00e1bado, Rodrigo entrou em contato com o editor do<strong><em> Sudoeste Hoje<\/em><\/strong> para informar que as dores abdominais que sentiu na quinta s\u00e3o de origem estomacal, afastando a hip\u00f3teses de problemas card\u00edacos, como chegou a ser aventado por especuladores, nas redes sociais.<\/p>\n<p>Na pr\u00f3xima segunda-feira (5), Rodrigo vai se submeter a uma endoscopia e iniciar o tratamento.<\/p>\n<p><strong><em>Por Davi Ferraz<\/em><\/strong><\/p>\n","protected":false},"excerpt":{"rendered":"<p>Depois das informa\u00e7\u00f5es desencontradas sobre a sa\u00fade do prefeito Rodrigo Hagge (MDB), na \u00faltima quinta, e os esclarecimentos do pr\u00f3prio chefe do executivo, a popula\u00e7\u00e3o do munic\u00edpio foi tranquilizada. Neste s\u00e1bado, Rodrigo entrou em contato com o editor do Sudoeste Hoje para informar que as dores abdominais que sentiu na quinta s\u00e3o de origem estomacal, [&hellip;]<\/p>\n","protected":false},"author":2,"featured_media":106516,"comment_status":"open","ping_status":"open","sticky":false,"template":"","format":"standard","meta":{"footnotes":"","_links_to":"","_links_to_target":""},"categories":[1],"tags":[],"class_list":["post-106515","post","type-post","status-publish","format-standard","has-post-thumbnail","hentry","category-geral"],"views":805,"_links":{"self":[{"href":"https:\/\/www.sudoestehoje.com.br\/novoportal\/wp-json\/wp\/v2\/posts\/106515","targetHints":{"allow":["GET"]}}],"collection":[{"href":"https:\/\/www.sudoestehoje.com.br\/novoportal\/wp-json\/wp\/v2\/posts"}],"about":[{"href":"https:\/\/www.sudoestehoje.com.br\/novoportal\/wp-json\/wp\/v2\/types\/post"}],"author":[{"embeddable":true,"href":"https:\/\/www.sudoestehoje.com.br\/novoportal\/wp-json\/wp\/v2\/users\/2"}],"replies":[{"embeddable":true,"href":"https:\/\/www.sudoestehoje.com.br\/novoportal\/wp-json\/wp\/v2\/comments?post=106515"}],"version-history":[{"count":2,"href":"https:\/\/www.sudoestehoje.com.br\/novoportal\/wp-json\/wp\/v2\/posts\/106515\/revisions"}],"predecessor-version":[{"id":106518,"href":"https:\/\/www.sudoestehoje.com.br\/novoportal\/wp-json\/wp\/v2\/posts\/106515\/revisions\/106518"}],"wp:featuredmedia":[{"embeddable":true,"href":"https:\/\/www.sudoestehoje.com.br\/novoportal\/wp-json\/wp\/v2\/media\/106516"}],"wp:attachment":[{"href":"https:\/\/www.sudoestehoje.com.br\/novoportal\/wp-json\/wp\/v2\/media?parent=106515"}],"wp:term":[{"taxonomy":"category","embeddable":true,"href":"https:\/\/www.sudoestehoje.com.br\/novoportal\/wp-json\/wp\/v2\/categories?post=106515"},{"taxonomy":"post_tag","embeddable":true,"href":"https:\/\/www.sudoestehoje.com.br\/novoportal\/wp-json\/wp\/v2\/tags?post=106515"}],"curies":[{"name":"wp","href":"https:\/\/api.w.org\/{rel}","templated":true}]}}