
{"id":106407,"date":"2022-11-30T08:58:16","date_gmt":"2022-11-30T11:58:16","guid":{"rendered":"https:\/\/www.sudoestehoje.com.br\/novoportal\/?p=106407"},"modified":"2022-11-30T08:58:16","modified_gmt":"2022-11-30T11:58:16","slug":"bahia-tem-5-cidades-com-decreto-de-emergencia-devido-as-fortes-chuvas","status":"publish","type":"post","link":"https:\/\/www.sudoestehoje.com.br\/novoportal\/2022\/11\/30\/bahia-tem-5-cidades-com-decreto-de-emergencia-devido-as-fortes-chuvas\/","title":{"rendered":"BAHIA TEM 5 CIDADES COM DECRETO DE EMERG\u00caNCIA DEVIDO \u00c0S FORTES CHUVAS"},"content":{"rendered":"<p><a href=\"https:\/\/www.sudoestehoje.com.br\/novoportal\/wp-content\/uploads\/2022\/11\/CHUVAS-BAHIA.webp\"><img loading=\"lazy\" decoding=\"async\" class=\"aligncenter size-medium wp-image-106411\" src=\"https:\/\/www.sudoestehoje.com.br\/novoportal\/wp-content\/uploads\/2022\/11\/CHUVAS-BAHIA-500x281.webp\" alt=\"\" width=\"500\" height=\"281\" srcset=\"https:\/\/www.sudoestehoje.com.br\/novoportal\/wp-content\/uploads\/2022\/11\/CHUVAS-BAHIA-500x281.webp 500w, https:\/\/www.sudoestehoje.com.br\/novoportal\/wp-content\/uploads\/2022\/11\/CHUVAS-BAHIA-700x393.webp 700w, https:\/\/www.sudoestehoje.com.br\/novoportal\/wp-content\/uploads\/2022\/11\/CHUVAS-BAHIA-768x431.webp 768w, https:\/\/www.sudoestehoje.com.br\/novoportal\/wp-content\/uploads\/2022\/11\/CHUVAS-BAHIA.webp 906w\" sizes=\"auto, (max-width: 500px) 100vw, 500px\" \/><\/a><\/p>\n<p>Bahia tem cinco cidades com decreto de situa\u00e7\u00e3o de emerg\u00eancia por causa das fortes chuvas que atingem o estado desde a \u00faltima semana, 227 pessoas desabrigadas e 3.564 desalojadas. A informa\u00e7\u00e3o foi divulgada pela Superintend\u00eancia de Prote\u00e7\u00e3o e Defesa Civil do Estado (Sudec).<\/p>\n<p>Segundo a Sudec, o n\u00famero total de atingidos chega a 31.806 pessoas. Os n\u00fameros correspondem \u00e0s ocorr\u00eancias registradas em 21 munic\u00edpios afetados.<\/p>\n<div id=\"chunk-42gu5\">\n<div class=\"mc-column content-text active-extra-styles \" data-block-type=\"unstyled\" data-block-weight=\"10\" data-block-id=\"4\">\n<p class=\"content-text__container \" data-track-category=\"Link no Texto\" data-track-links=\"\"><strong>As cidades com decreto de situa\u00e7\u00e3o de emerg\u00eancia vigente s\u00e3o:<\/strong><\/p>\n<\/div>\n<\/div>\n<div class=\"mc-column content-text active-extra-styles\" data-block-type=\"raw\" data-block-weight=\"9\" data-block-id=\"5\">\n<ol class=\"content-ordered-list theme-ordered-list-color-primary\">\n<li><a href=\"https:\/\/g1.globo.com\/ba\/bahia\/cidade\/prado\/\">Prado<\/a>;<\/li>\n<li><a href=\"https:\/\/g1.globo.com\/ba\/bahia\/cidade\/baixa-grande-ba\/\">Baixa Grande<\/a>;<\/li>\n<li><a href=\"https:\/\/g1.globo.com\/ba\/bahia\/cidade\/itabuna\/\">Itabuna<\/a>;<\/li>\n<li><a href=\"https:\/\/g1.globo.com\/ba\/bahia\/cidade\/santa-cruz-cabralia\/\">Santa Cruz Cabr\u00e1lia<\/a>;<\/li>\n<li><a href=\"https:\/\/g1.globo.com\/ba\/bahia\/cidade\/wenceslau-guimaraes\/\">Wenceslau Guimar\u00e3es<\/a>.<\/li>\n<\/ol>\n<p><strong>Confira as cidades afetadas pela chuva na Bahia:<\/strong><\/p>\n<\/div>\n<div class=\"mc-column content-text active-extra-styles\" data-block-type=\"raw\" data-block-weight=\"33\" data-block-id=\"7\">\n<ol class=\"content-ordered-list theme-ordered-list-color-primary\">\n<li>Baixa Grande<\/li>\n<li>Itabuna<\/li>\n<li>Santa Cruz Cabr\u00e1lia<\/li>\n<li><a href=\"https:\/\/g1.globo.com\/ba\/bahia\/cidade\/itamaraju\/\">Itamaraju<\/a><\/li>\n<li><a href=\"https:\/\/g1.globo.com\/ba\/bahia\/cidade\/belo-campo\/\">Belo Campo<\/a><\/li>\n<li><a href=\"https:\/\/g1.globo.com\/ba\/bahia\/cidade\/cicero-dantas\/\">C\u00edcero Dantas<\/a><\/li>\n<li><a href=\"https:\/\/g1.globo.com\/ba\/bahia\/cidade\/catu\/\">Catu<\/a><\/li>\n<li><a href=\"https:\/\/g1.globo.com\/ba\/bahia\/cidade\/ibicarai\/\">Ibicara\u00ed<\/a><\/li>\n<li><a href=\"https:\/\/g1.globo.com\/ba\/bahia\/cidade\/ibicui\/\">Ibicu\u00ed<\/a><\/li>\n<li><a href=\"https:\/\/g1.globo.com\/ba\/bahia\/cidade\/ibotirama\/\">Ibotirama<\/a><\/li>\n<li><a href=\"https:\/\/g1.globo.com\/ba\/bahia\/cidade\/itambe-ba\/\">Itamb\u00e9<\/a><\/li>\n<li><a href=\"https:\/\/g1.globo.com\/ba\/bahia\/cidade\/maragogipe\/\">Maragogipe<\/a><\/li>\n<li><a href=\"https:\/\/g1.globo.com\/ba\/bahia\/cidade\/nova-vicosa\/\">Nova Vi\u00e7osa<\/a><\/li>\n<li>Prado<\/li>\n<li><a href=\"https:\/\/g1.globo.com\/ba\/bahia\/cidade\/teixeira-de-freitas\/\">Teixeira de Freitas<\/a><\/li>\n<li>Wenceslau Guimar\u00e3es<\/li>\n<li><a href=\"https:\/\/g1.globo.com\/ba\/bahia\/cidade\/marcionilio-souza\/\">Marcion\u00edlio Souza<\/a><\/li>\n<li><a href=\"https:\/\/g1.globo.com\/ba\/bahia\/cidade\/aiquara\/\">Aiquara<\/a><\/li>\n<li><a href=\"https:\/\/g1.globo.com\/ba\/bahia\/cidade\/caravelas\/\">Caravelas<\/a><\/li>\n<li><a href=\"https:\/\/g1.globo.com\/ba\/bahia\/cidade\/floresta-azul\/\">Floresta Azul<\/a><\/li>\n<li><a href=\"https:\/\/g1.globo.com\/ba\/bahia\/cidade\/medeiros-neto\/\">Medeiros Neto<\/a><\/li>\n<\/ol>\n<p>A Defesa Civil da Bahia informou que uma equipe t\u00e9cnica foi deslocada para vistoriar Itamaraju, Prado e Teixeira de Freitas. Segundo o \u00f3rg\u00e3o, o objetivo da opera\u00e7\u00e3o \u00e9 fazer o levantamento preliminar das informa\u00e7\u00f5es e demandas locais, fornecendo suporte e desenvolvendo a\u00e7\u00f5es de resposta imediata.<\/p>\n<\/div>\n","protected":false},"excerpt":{"rendered":"<p>Bahia tem cinco cidades com decreto de situa\u00e7\u00e3o de emerg\u00eancia por causa das fortes chuvas que atingem o estado desde a \u00faltima semana, 227 pessoas desabrigadas e 3.564 desalojadas. A informa\u00e7\u00e3o foi divulgada pela Superintend\u00eancia de Prote\u00e7\u00e3o e Defesa Civil do Estado (Sudec). Segundo a Sudec, o n\u00famero total de atingidos chega a 31.806 pessoas. [&hellip;]<\/p>\n","protected":false},"author":2,"featured_media":106411,"comment_status":"open","ping_status":"open","sticky":false,"template":"","format":"standard","meta":{"footnotes":"","_links_to":"","_links_to_target":""},"categories":[1],"tags":[],"class_list":["post-106407","post","type-post","status-publish","format-standard","has-post-thumbnail","hentry","category-geral"],"views":914,"_links":{"self":[{"href":"https:\/\/www.sudoestehoje.com.br\/novoportal\/wp-json\/wp\/v2\/posts\/106407","targetHints":{"allow":["GET"]}}],"collection":[{"href":"https:\/\/www.sudoestehoje.com.br\/novoportal\/wp-json\/wp\/v2\/posts"}],"about":[{"href":"https:\/\/www.sudoestehoje.com.br\/novoportal\/wp-json\/wp\/v2\/types\/post"}],"author":[{"embeddable":true,"href":"https:\/\/www.sudoestehoje.com.br\/novoportal\/wp-json\/wp\/v2\/users\/2"}],"replies":[{"embeddable":true,"href":"https:\/\/www.sudoestehoje.com.br\/novoportal\/wp-json\/wp\/v2\/comments?post=106407"}],"version-history":[{"count":5,"href":"https:\/\/www.sudoestehoje.com.br\/novoportal\/wp-json\/wp\/v2\/posts\/106407\/revisions"}],"predecessor-version":[{"id":106413,"href":"https:\/\/www.sudoestehoje.com.br\/novoportal\/wp-json\/wp\/v2\/posts\/106407\/revisions\/106413"}],"wp:featuredmedia":[{"embeddable":true,"href":"https:\/\/www.sudoestehoje.com.br\/novoportal\/wp-json\/wp\/v2\/media\/106411"}],"wp:attachment":[{"href":"https:\/\/www.sudoestehoje.com.br\/novoportal\/wp-json\/wp\/v2\/media?parent=106407"}],"wp:term":[{"taxonomy":"category","embeddable":true,"href":"https:\/\/www.sudoestehoje.com.br\/novoportal\/wp-json\/wp\/v2\/categories?post=106407"},{"taxonomy":"post_tag","embeddable":true,"href":"https:\/\/www.sudoestehoje.com.br\/novoportal\/wp-json\/wp\/v2\/tags?post=106407"}],"curies":[{"name":"wp","href":"https:\/\/api.w.org\/{rel}","templated":true}]}}