
{"id":106358,"date":"2022-11-28T22:15:29","date_gmt":"2022-11-29T01:15:29","guid":{"rendered":"https:\/\/www.sudoestehoje.com.br\/novoportal\/?p=106358"},"modified":"2022-11-29T22:39:56","modified_gmt":"2022-11-30T01:39:56","slug":"copa-com-gol-de-casemiro-brasil-vence-a-suica-e-passa-para-as-oitavas","status":"publish","type":"post","link":"https:\/\/www.sudoestehoje.com.br\/novoportal\/2022\/11\/28\/copa-com-gol-de-casemiro-brasil-vence-a-suica-e-passa-para-as-oitavas\/","title":{"rendered":"COPA | COM GOL DE CASEMIRO, BRASIL VENCE A SUI\u00c7A E PASSA PARA AS OITAVAS"},"content":{"rendered":"<p><a href=\"https:\/\/www.sudoestehoje.com.br\/novoportal\/wp-content\/uploads\/2022\/11\/Jogador-Casemiro-do-Brasil-chuta-a-gol-durante-a-partida-contra-a-sui\u0301c\u0327a-no-Grupo-G-da-Copa-do-Mundo-da-FIFA-Qatar-2022-600x400-1.webp\"><img loading=\"lazy\" decoding=\"async\" class=\"aligncenter size-medium wp-image-106359\" src=\"https:\/\/www.sudoestehoje.com.br\/novoportal\/wp-content\/uploads\/2022\/11\/Jogador-Casemiro-do-Brasil-chuta-a-gol-durante-a-partida-contra-a-sui\u0301c\u0327a-no-Grupo-G-da-Copa-do-Mundo-da-FIFA-Qatar-2022-600x400-1-500x333.webp\" alt=\"\" width=\"500\" height=\"333\" srcset=\"https:\/\/www.sudoestehoje.com.br\/novoportal\/wp-content\/uploads\/2022\/11\/Jogador-Casemiro-do-Brasil-chuta-a-gol-durante-a-partida-contra-a-sui\u0301c\u0327a-no-Grupo-G-da-Copa-do-Mundo-da-FIFA-Qatar-2022-600x400-1-500x333.webp 500w, https:\/\/www.sudoestehoje.com.br\/novoportal\/wp-content\/uploads\/2022\/11\/Jogador-Casemiro-do-Brasil-chuta-a-gol-durante-a-partida-contra-a-sui\u0301c\u0327a-no-Grupo-G-da-Copa-do-Mundo-da-FIFA-Qatar-2022-600x400-1.webp 600w\" sizes=\"auto, (max-width: 500px) 100vw, 500px\" \/><\/a><\/p>\n<p>Deu Brasil! A\u00a0<a href=\"https:\/\/www.metropoles.com\/tag\/selecao-brasileira\" target=\"_blank\" rel=\"noopener\">Sele\u00e7\u00e3o Brasileira<\/a>\u00a0entrou em campo para enfrentar a Su\u00ed\u00e7a nesta segunda-feira (28\/11), em jogo pela segunda rodada do Grupo G. As duas equipes brigavam pela lideran\u00e7a da chave, j\u00e1 que ambas venceram na estreia e tinham tr\u00eas pontos cada.<\/p>\n<p>Com gol de Casemiro no segundo tempo, a Sele\u00e7\u00e3o venceu os su\u00ed\u00e7os por 1 x 0.<\/p>\n<p>O resultado classifica o Brasil para as oitavas de final da Copa do Mundo de 2022 e tamb\u00e9m garante \u00e0 Sele\u00e7\u00e3o Canarinho a lideran\u00e7a do grupo.<\/p>\n<p><a href=\"https:\/\/www.sudoestehoje.com.br\/novoportal\/wp-content\/uploads\/2022\/11\/AaLA3wq.jpg\"><img loading=\"lazy\" decoding=\"async\" class=\"size-full wp-image-106242\" src=\"https:\/\/www.sudoestehoje.com.br\/novoportal\/wp-content\/uploads\/2022\/11\/AaLA3wq.jpg\" alt=\"\" width=\"490\" height=\"80\" \/><\/a><\/p>\n","protected":false},"excerpt":{"rendered":"<p>Deu Brasil! A\u00a0Sele\u00e7\u00e3o Brasileira\u00a0entrou em campo para enfrentar a Su\u00ed\u00e7a nesta segunda-feira (28\/11), em jogo pela segunda rodada do Grupo G. As duas equipes brigavam pela lideran\u00e7a da chave, j\u00e1 que ambas venceram na estreia e tinham tr\u00eas pontos cada. Com gol de Casemiro no segundo tempo, a Sele\u00e7\u00e3o venceu os su\u00ed\u00e7os por 1 x [&hellip;]<\/p>\n","protected":false},"author":2,"featured_media":106359,"comment_status":"open","ping_status":"open","sticky":false,"template":"","format":"standard","meta":{"footnotes":"","_links_to":"","_links_to_target":""},"categories":[1],"tags":[],"class_list":["post-106358","post","type-post","status-publish","format-standard","has-post-thumbnail","hentry","category-geral"],"views":819,"_links":{"self":[{"href":"https:\/\/www.sudoestehoje.com.br\/novoportal\/wp-json\/wp\/v2\/posts\/106358","targetHints":{"allow":["GET"]}}],"collection":[{"href":"https:\/\/www.sudoestehoje.com.br\/novoportal\/wp-json\/wp\/v2\/posts"}],"about":[{"href":"https:\/\/www.sudoestehoje.com.br\/novoportal\/wp-json\/wp\/v2\/types\/post"}],"author":[{"embeddable":true,"href":"https:\/\/www.sudoestehoje.com.br\/novoportal\/wp-json\/wp\/v2\/users\/2"}],"replies":[{"embeddable":true,"href":"https:\/\/www.sudoestehoje.com.br\/novoportal\/wp-json\/wp\/v2\/comments?post=106358"}],"version-history":[{"count":4,"href":"https:\/\/www.sudoestehoje.com.br\/novoportal\/wp-json\/wp\/v2\/posts\/106358\/revisions"}],"predecessor-version":[{"id":106387,"href":"https:\/\/www.sudoestehoje.com.br\/novoportal\/wp-json\/wp\/v2\/posts\/106358\/revisions\/106387"}],"wp:featuredmedia":[{"embeddable":true,"href":"https:\/\/www.sudoestehoje.com.br\/novoportal\/wp-json\/wp\/v2\/media\/106359"}],"wp:attachment":[{"href":"https:\/\/www.sudoestehoje.com.br\/novoportal\/wp-json\/wp\/v2\/media?parent=106358"}],"wp:term":[{"taxonomy":"category","embeddable":true,"href":"https:\/\/www.sudoestehoje.com.br\/novoportal\/wp-json\/wp\/v2\/categories?post=106358"},{"taxonomy":"post_tag","embeddable":true,"href":"https:\/\/www.sudoestehoje.com.br\/novoportal\/wp-json\/wp\/v2\/tags?post=106358"}],"curies":[{"name":"wp","href":"https:\/\/api.w.org\/{rel}","templated":true}]}}