
{"id":106308,"date":"2022-11-26T20:30:42","date_gmt":"2022-11-26T23:30:42","guid":{"rendered":"https:\/\/www.sudoestehoje.com.br\/novoportal\/?p=106308"},"modified":"2022-11-28T21:49:21","modified_gmt":"2022-11-29T00:49:21","slug":"lacen-confirma-casos-da-subvariante-bq-1-do-coronavirus-na-bahia","status":"publish","type":"post","link":"https:\/\/www.sudoestehoje.com.br\/novoportal\/2022\/11\/26\/lacen-confirma-casos-da-subvariante-bq-1-do-coronavirus-na-bahia\/","title":{"rendered":"LACEN CONFIRMA CASOS DA SUBVARIANTE BQ.1 DO CORONAV\u00cdRUS NA BAHIA"},"content":{"rendered":"<p><a href=\"https:\/\/www.sudoestehoje.com.br\/novoportal\/wp-content\/uploads\/2022\/11\/Lacen.jpeg\"><img loading=\"lazy\" decoding=\"async\" class=\"aligncenter size-medium wp-image-106309\" src=\"https:\/\/www.sudoestehoje.com.br\/novoportal\/wp-content\/uploads\/2022\/11\/Lacen-500x333.jpeg\" alt=\"\" width=\"500\" height=\"333\" srcset=\"https:\/\/www.sudoestehoje.com.br\/novoportal\/wp-content\/uploads\/2022\/11\/Lacen-500x333.jpeg 500w, https:\/\/www.sudoestehoje.com.br\/novoportal\/wp-content\/uploads\/2022\/11\/Lacen-700x466.jpeg 700w, https:\/\/www.sudoestehoje.com.br\/novoportal\/wp-content\/uploads\/2022\/11\/Lacen-768x512.jpeg 768w, https:\/\/www.sudoestehoje.com.br\/novoportal\/wp-content\/uploads\/2022\/11\/Lacen.jpeg 1280w\" sizes=\"auto, (max-width: 500px) 100vw, 500px\" \/><\/a><\/p>\n<p>A BQ.1, nova subvariante do coronav\u00edrus, foi identificada em cidades da baianas pelo Laborat\u00f3rio Central de Sa\u00fade P\u00fablica da Bahia (Lacen-BA). A informa\u00e7\u00e3o foi divulgada pela Secretaria da Sa\u00fade (Sesab) neste s\u00e1bado (26).<\/p>\n<p>De acordo com a secretaria, a linhagem BQ.1 foi identificada em 41 das 128 amostras coletadas entre os meses de outubro e novembro.<\/p>\n<p>Os materiais que continham a subvariante s\u00e3o provenientes dos munic\u00edpios de <strong>Salvador, Candeias, Concei\u00e7\u00e3o do Coit\u00e9, Dias D\u2019\u00c1vila, Euclides da Cunha, Ilh\u00e9us, Lauro de Freitas, Mairi, Porto Seguro, Ruy Barbosa, S\u00e3o Sebasti\u00e3o do Pass\u00e9 e Sim\u00f5es Filho.<\/strong> Ainda segundo o \u00f3rg\u00e3o, os casos de Covid-19 aumentaram nestes munic\u00edpios.<\/p>\n<p>N\u00e3o h\u00e1 informa\u00e7\u00f5es sobre o estado de sa\u00fade dos pacientes.l<\/p>\n","protected":false},"excerpt":{"rendered":"<p>A BQ.1, nova subvariante do coronav\u00edrus, foi identificada em cidades da baianas pelo Laborat\u00f3rio Central de Sa\u00fade P\u00fablica da Bahia (Lacen-BA). A informa\u00e7\u00e3o foi divulgada pela Secretaria da Sa\u00fade (Sesab) neste s\u00e1bado (26). De acordo com a secretaria, a linhagem BQ.1 foi identificada em 41 das 128 amostras coletadas entre os meses de outubro e [&hellip;]<\/p>\n","protected":false},"author":2,"featured_media":106309,"comment_status":"closed","ping_status":"open","sticky":false,"template":"","format":"standard","meta":{"footnotes":"","_links_to":"","_links_to_target":""},"categories":[1],"tags":[],"class_list":["post-106308","post","type-post","status-publish","format-standard","has-post-thumbnail","hentry","category-geral"],"views":698,"_links":{"self":[{"href":"https:\/\/www.sudoestehoje.com.br\/novoportal\/wp-json\/wp\/v2\/posts\/106308","targetHints":{"allow":["GET"]}}],"collection":[{"href":"https:\/\/www.sudoestehoje.com.br\/novoportal\/wp-json\/wp\/v2\/posts"}],"about":[{"href":"https:\/\/www.sudoestehoje.com.br\/novoportal\/wp-json\/wp\/v2\/types\/post"}],"author":[{"embeddable":true,"href":"https:\/\/www.sudoestehoje.com.br\/novoportal\/wp-json\/wp\/v2\/users\/2"}],"replies":[{"embeddable":true,"href":"https:\/\/www.sudoestehoje.com.br\/novoportal\/wp-json\/wp\/v2\/comments?post=106308"}],"version-history":[{"count":2,"href":"https:\/\/www.sudoestehoje.com.br\/novoportal\/wp-json\/wp\/v2\/posts\/106308\/revisions"}],"predecessor-version":[{"id":106311,"href":"https:\/\/www.sudoestehoje.com.br\/novoportal\/wp-json\/wp\/v2\/posts\/106308\/revisions\/106311"}],"wp:featuredmedia":[{"embeddable":true,"href":"https:\/\/www.sudoestehoje.com.br\/novoportal\/wp-json\/wp\/v2\/media\/106309"}],"wp:attachment":[{"href":"https:\/\/www.sudoestehoje.com.br\/novoportal\/wp-json\/wp\/v2\/media?parent=106308"}],"wp:term":[{"taxonomy":"category","embeddable":true,"href":"https:\/\/www.sudoestehoje.com.br\/novoportal\/wp-json\/wp\/v2\/categories?post=106308"},{"taxonomy":"post_tag","embeddable":true,"href":"https:\/\/www.sudoestehoje.com.br\/novoportal\/wp-json\/wp\/v2\/tags?post=106308"}],"curies":[{"name":"wp","href":"https:\/\/api.w.org\/{rel}","templated":true}]}}