
{"id":106304,"date":"2022-11-25T20:23:08","date_gmt":"2022-11-25T23:23:08","guid":{"rendered":"https:\/\/www.sudoestehoje.com.br\/novoportal\/?p=106304"},"modified":"2022-11-28T21:49:35","modified_gmt":"2022-11-29T00:49:35","slug":"pedro-tavares-ressalta-projetos-de-combate-a-violencia-contra-a-mulher-em-data-que-reforca-a-luta","status":"publish","type":"post","link":"https:\/\/www.sudoestehoje.com.br\/novoportal\/2022\/11\/25\/pedro-tavares-ressalta-projetos-de-combate-a-violencia-contra-a-mulher-em-data-que-reforca-a-luta\/","title":{"rendered":"PEDRO TAVARES RESSALTA PROJETOS DE COMBATE \u00c0 VIOL\u00caNCIA CONTRA A MULHER EM DATA QUE REFOR\u00c7A A LUTA"},"content":{"rendered":"<p><a href=\"https:\/\/www.sudoestehoje.com.br\/novoportal\/wp-content\/uploads\/2022\/11\/WhatsApp-Image-2022-11-25-at-15.31.21.jpeg\"><img loading=\"lazy\" decoding=\"async\" class=\"aligncenter size-medium wp-image-106305\" src=\"https:\/\/www.sudoestehoje.com.br\/novoportal\/wp-content\/uploads\/2022\/11\/WhatsApp-Image-2022-11-25-at-15.31.21-500x282.jpeg\" alt=\"\" width=\"500\" height=\"282\" srcset=\"https:\/\/www.sudoestehoje.com.br\/novoportal\/wp-content\/uploads\/2022\/11\/WhatsApp-Image-2022-11-25-at-15.31.21-500x282.jpeg 500w, https:\/\/www.sudoestehoje.com.br\/novoportal\/wp-content\/uploads\/2022\/11\/WhatsApp-Image-2022-11-25-at-15.31.21-700x394.jpeg 700w, https:\/\/www.sudoestehoje.com.br\/novoportal\/wp-content\/uploads\/2022\/11\/WhatsApp-Image-2022-11-25-at-15.31.21-768x433.jpeg 768w, https:\/\/www.sudoestehoje.com.br\/novoportal\/wp-content\/uploads\/2022\/11\/WhatsApp-Image-2022-11-25-at-15.31.21.jpeg 950w\" sizes=\"auto, (max-width: 500px) 100vw, 500px\" \/><\/a><\/p>\n<p>Autor de dois projetos de lei voltados ao combate \u00e0 viol\u00eancia contra a mulher, o deputado estadual Pedro Tavares refor\u00e7a a bandeira, no Dia Internacional de Elimina\u00e7\u00e3o da Viol\u00eancia contra a Mulher, data que serve de alerta para o problema. Todos os dias s\u00e3o noticiados casos de agress\u00f5es f\u00edsicas \u00e0s mulheres no Brasil e no mundo. Na Assembleia Legislativa da Bahia, o parlamentar aprovou duas propostas que visam auxiliar nas medidas de combate.<\/p>\n<p>Um dos projetos estabelece medidas contra o abuso sexual nos meios de transportes coletivos da Bahia. A lei aprovada em 2019 diz que devem ser criadas campanhas afirmativas, educativas e preventivas no interior dos transportes coletivos. O objetivo \u00e9 tamb\u00e9m o de instruir \u00e0s v\u00edtimas para guardarem informa\u00e7\u00f5es para identifica\u00e7\u00e3o do agressor.<\/p>\n<p>Tavares tamb\u00e9m \u00e9 o autor da lei que se refere \u00e0 obrigatoriedade de divulga\u00e7\u00e3o do Disque 180 nos cinemas da Bahia. A divulga\u00e7\u00e3o deve ser feita por meio de exibi\u00e7\u00e3o na tela do cinema do \u201cDisque 180\u201d e do aplicativo \u201cClique 180\u201d, antes do in\u00edcio do filme, ou por meio de afixa\u00e7\u00e3o de cartaz nas depend\u00eancias do cinema, em \u00e1rea de grande circula\u00e7\u00e3o e visualiza\u00e7\u00e3o. O parlamentar enfatiza a necessidade de o Governo do estado colocar em pr\u00e1tica as leis aprovadas.<\/p>\n<p>\u201cTodos precisamos dar import\u00e2ncia a essa quest\u00e3o social grave que traz consequ\u00eancias muito negativas em nossa sociedade. Devemos refor\u00e7ar ainda mais as bandeiras de maior valoriza\u00e7\u00e3o \u00e0 mulher e \u00e0s medidas de amparo \u00e0quelas que sofrem com a viol\u00eancia. Que elas sejam mais ouvidas, acolhidas, orientadas e assistidas pelas pol\u00edticas p\u00fablicas. Esses projetos de lei s\u00e3o apenas alguns dos caminhos referentes \u00e0 viol\u00eancia contra a mulher, um problema grave que deve ser combatido por todos\u201d, afirmou.<\/p>\n<p>Mais informa\u00e7\u00f5es:<br \/>\nAscom deputado estadual Pedro Tavares<br \/>\n(71)9-9955-0603<br \/>\nLilian Machado<\/p>\n","protected":false},"excerpt":{"rendered":"<p>Autor de dois projetos de lei voltados ao combate \u00e0 viol\u00eancia contra a mulher, o deputado estadual Pedro Tavares refor\u00e7a a bandeira, no Dia Internacional de Elimina\u00e7\u00e3o da Viol\u00eancia contra a Mulher, data que serve de alerta para o problema. Todos os dias s\u00e3o noticiados casos de agress\u00f5es f\u00edsicas \u00e0s mulheres no Brasil e no [&hellip;]<\/p>\n","protected":false},"author":2,"featured_media":106305,"comment_status":"closed","ping_status":"open","sticky":false,"template":"","format":"standard","meta":{"footnotes":"","_links_to":"","_links_to_target":""},"categories":[1],"tags":[],"class_list":["post-106304","post","type-post","status-publish","format-standard","has-post-thumbnail","hentry","category-geral"],"views":714,"_links":{"self":[{"href":"https:\/\/www.sudoestehoje.com.br\/novoportal\/wp-json\/wp\/v2\/posts\/106304","targetHints":{"allow":["GET"]}}],"collection":[{"href":"https:\/\/www.sudoestehoje.com.br\/novoportal\/wp-json\/wp\/v2\/posts"}],"about":[{"href":"https:\/\/www.sudoestehoje.com.br\/novoportal\/wp-json\/wp\/v2\/types\/post"}],"author":[{"embeddable":true,"href":"https:\/\/www.sudoestehoje.com.br\/novoportal\/wp-json\/wp\/v2\/users\/2"}],"replies":[{"embeddable":true,"href":"https:\/\/www.sudoestehoje.com.br\/novoportal\/wp-json\/wp\/v2\/comments?post=106304"}],"version-history":[{"count":2,"href":"https:\/\/www.sudoestehoje.com.br\/novoportal\/wp-json\/wp\/v2\/posts\/106304\/revisions"}],"predecessor-version":[{"id":106307,"href":"https:\/\/www.sudoestehoje.com.br\/novoportal\/wp-json\/wp\/v2\/posts\/106304\/revisions\/106307"}],"wp:featuredmedia":[{"embeddable":true,"href":"https:\/\/www.sudoestehoje.com.br\/novoportal\/wp-json\/wp\/v2\/media\/106305"}],"wp:attachment":[{"href":"https:\/\/www.sudoestehoje.com.br\/novoportal\/wp-json\/wp\/v2\/media?parent=106304"}],"wp:term":[{"taxonomy":"category","embeddable":true,"href":"https:\/\/www.sudoestehoje.com.br\/novoportal\/wp-json\/wp\/v2\/categories?post=106304"},{"taxonomy":"post_tag","embeddable":true,"href":"https:\/\/www.sudoestehoje.com.br\/novoportal\/wp-json\/wp\/v2\/tags?post=106304"}],"curies":[{"name":"wp","href":"https:\/\/api.w.org\/{rel}","templated":true}]}}