
{"id":106277,"date":"2022-11-12T16:08:24","date_gmt":"2022-11-12T19:08:24","guid":{"rendered":"https:\/\/www.sudoestehoje.com.br\/novoportal\/?p=106277"},"modified":"2022-11-23T16:59:57","modified_gmt":"2022-11-23T19:59:57","slug":"pedro-tavares-reafirma-compromisso-com-municipio-de-morro-do-chapeu-em-reuniao-com-prefeita-juliana-araujo","status":"publish","type":"post","link":"https:\/\/www.sudoestehoje.com.br\/novoportal\/2022\/11\/12\/pedro-tavares-reafirma-compromisso-com-municipio-de-morro-do-chapeu-em-reuniao-com-prefeita-juliana-araujo\/","title":{"rendered":"PEDRO TAVARES REAFIRMA COMPROMISSO COM MUNIC\u00cdPIO DE MORRO DO CHAP\u00c9U EM REUNI\u00c3O COM PREFEITA JULIANA ARA\u00daJO"},"content":{"rendered":"<p><a href=\"https:\/\/www.sudoestehoje.com.br\/novoportal\/wp-content\/uploads\/2022\/11\/Pedro-Tavares-reafirma-compromisso-com-municipio-de-Morro-de-Chapeu-em-reuniao-com-a-prefeita-Juliana-1.jpg\"><img loading=\"lazy\" decoding=\"async\" class=\"aligncenter  wp-image-106279\" src=\"https:\/\/www.sudoestehoje.com.br\/novoportal\/wp-content\/uploads\/2022\/11\/Pedro-Tavares-reafirma-compromisso-com-municipio-de-Morro-de-Chapeu-em-reuniao-com-a-prefeita-Juliana-1.jpg\" alt=\"\" width=\"423\" height=\"464\" \/><\/a><\/p>\n<p>O deputado estadual Pedro Tavares reafirmou o compromisso com o munic\u00edpio de Morro do Chap\u00e9u, em reuni\u00e3o com a prefeita da cidade, Juliana Ara\u00fajo. O parlamentar recebeu a visita da prefeita em seu gabinete, na Assembleia Legislativa da Bahia, na \u00faltima quarta-feira (09\/11), quando fortaleceram a parceria para levar melhorias ao munic\u00edpio. No encontro, eles discutiram a\u00e7\u00f5es e investimentos para o munic\u00edpio a partir do ano que vem.<\/p>\n<p>\u201cFoi uma satisfa\u00e7\u00e3o receber a visita da amiga, prefeita Juliana em nosso gabinete, sendo uma oportunidade para agradecer mais uma vez a ela e ao seu grupo pol\u00edtico a vota\u00e7\u00e3o que tivemos no munic\u00edpio. Vamos trabalhar muito para honrar a confian\u00e7a de todos, lutando para levar recursos e a\u00e7\u00f5es para a cidade e apoiando as iniciativas\u201d, afirmou.<\/p>\n<p>Tavares ressaltou o trabalho realizado pela prefeita no munic\u00edpio. \u201cEm menos de dois anos vimos o quanto a sua administra\u00e7\u00e3o arrumou a casa, al\u00e9m dos avan\u00e7os que t\u00eam ajudado a transformar para melhor a vida em Morro do Chap\u00e9u. Parabenizo a prefeita pela excelente gest\u00e3o\u201d, afirmou.<\/p>\n","protected":false},"excerpt":{"rendered":"<p>O deputado estadual Pedro Tavares reafirmou o compromisso com o munic\u00edpio de Morro do Chap\u00e9u, em reuni\u00e3o com a prefeita da cidade, Juliana Ara\u00fajo. O parlamentar recebeu a visita da prefeita em seu gabinete, na Assembleia Legislativa da Bahia, na \u00faltima quarta-feira (09\/11), quando fortaleceram a parceria para levar melhorias ao munic\u00edpio. No encontro, eles [&hellip;]<\/p>\n","protected":false},"author":2,"featured_media":106279,"comment_status":"open","ping_status":"open","sticky":false,"template":"","format":"standard","meta":{"footnotes":"","_links_to":"","_links_to_target":""},"categories":[1],"tags":[],"class_list":["post-106277","post","type-post","status-publish","format-standard","has-post-thumbnail","hentry","category-geral"],"views":646,"_links":{"self":[{"href":"https:\/\/www.sudoestehoje.com.br\/novoportal\/wp-json\/wp\/v2\/posts\/106277","targetHints":{"allow":["GET"]}}],"collection":[{"href":"https:\/\/www.sudoestehoje.com.br\/novoportal\/wp-json\/wp\/v2\/posts"}],"about":[{"href":"https:\/\/www.sudoestehoje.com.br\/novoportal\/wp-json\/wp\/v2\/types\/post"}],"author":[{"embeddable":true,"href":"https:\/\/www.sudoestehoje.com.br\/novoportal\/wp-json\/wp\/v2\/users\/2"}],"replies":[{"embeddable":true,"href":"https:\/\/www.sudoestehoje.com.br\/novoportal\/wp-json\/wp\/v2\/comments?post=106277"}],"version-history":[{"count":2,"href":"https:\/\/www.sudoestehoje.com.br\/novoportal\/wp-json\/wp\/v2\/posts\/106277\/revisions"}],"predecessor-version":[{"id":106280,"href":"https:\/\/www.sudoestehoje.com.br\/novoportal\/wp-json\/wp\/v2\/posts\/106277\/revisions\/106280"}],"wp:featuredmedia":[{"embeddable":true,"href":"https:\/\/www.sudoestehoje.com.br\/novoportal\/wp-json\/wp\/v2\/media\/106279"}],"wp:attachment":[{"href":"https:\/\/www.sudoestehoje.com.br\/novoportal\/wp-json\/wp\/v2\/media?parent=106277"}],"wp:term":[{"taxonomy":"category","embeddable":true,"href":"https:\/\/www.sudoestehoje.com.br\/novoportal\/wp-json\/wp\/v2\/categories?post=106277"},{"taxonomy":"post_tag","embeddable":true,"href":"https:\/\/www.sudoestehoje.com.br\/novoportal\/wp-json\/wp\/v2\/tags?post=106277"}],"curies":[{"name":"wp","href":"https:\/\/api.w.org\/{rel}","templated":true}]}}