
{"id":106236,"date":"2022-11-22T13:45:22","date_gmt":"2022-11-22T16:45:22","guid":{"rendered":"https:\/\/www.sudoestehoje.com.br\/novoportal\/?p=106236"},"modified":"2022-11-22T13:45:22","modified_gmt":"2022-11-22T16:45:22","slug":"luto-brasil-morre-aos-81-anos-o-cantor-e-compositor-erasmo-carlos","status":"publish","type":"post","link":"https:\/\/www.sudoestehoje.com.br\/novoportal\/2022\/11\/22\/luto-brasil-morre-aos-81-anos-o-cantor-e-compositor-erasmo-carlos\/","title":{"rendered":"LUTO BRASIL | MORRE AOS 81 ANOS O CANTOR E COMPOSITOR ERASMO CARLOS"},"content":{"rendered":"<p><a href=\"https:\/\/www.sudoestehoje.com.br\/novoportal\/wp-content\/uploads\/2022\/11\/Erasmo-Carlos-1.jpg.webp\"><img loading=\"lazy\" decoding=\"async\" class=\"aligncenter size-medium wp-image-106238\" src=\"https:\/\/www.sudoestehoje.com.br\/novoportal\/wp-content\/uploads\/2022\/11\/Erasmo-Carlos-1.jpg-500x334.webp\" alt=\"\" width=\"500\" height=\"334\" srcset=\"https:\/\/www.sudoestehoje.com.br\/novoportal\/wp-content\/uploads\/2022\/11\/Erasmo-Carlos-1.jpg-500x334.webp 500w, https:\/\/www.sudoestehoje.com.br\/novoportal\/wp-content\/uploads\/2022\/11\/Erasmo-Carlos-1.jpg.webp 700w\" sizes=\"auto, (max-width: 500px) 100vw, 500px\" \/><\/a><\/p>\n<p>Morreu, nesta ter\u00e7a-feira (22), aos 81 anos, o cantor e compositor Erasmo Carlos. Segundo o Gshow, Erasmo tinha sido internado na manh\u00e3 desta ter\u00e7a e chegou a ser intubado, mas n\u00e3o resistiu.<\/p>\n<p class=\"texto\">O artista passou duas semanas do in\u00edcio de novembro internado para tratar de uma s\u00edndrome edemig\u00eanica e depois recebeu alta.\u00a0No final de agosto do ano passado, o cantor tamb\u00e9m foi internado por oito dias ap\u00f3s contrair covid-19.<\/p>\n<p class=\"texto\">Erasmo Carlos nasceu em 5 de junho de 1941 no Rio de Janeiro. Nos anos 60, ele fez parceria com Roberto Carlos e juntos compuseram v\u00e1rias m\u00fasicas, como\u00a0<em>As curvas da estrada de Santos<\/em>\u00a0e\u00a0<em>Gatinha manhosa.<\/em><\/p>\n","protected":false},"excerpt":{"rendered":"<p>Morreu, nesta ter\u00e7a-feira (22), aos 81 anos, o cantor e compositor Erasmo Carlos. Segundo o Gshow, Erasmo tinha sido internado na manh\u00e3 desta ter\u00e7a e chegou a ser intubado, mas n\u00e3o resistiu. O artista passou duas semanas do in\u00edcio de novembro internado para tratar de uma s\u00edndrome edemig\u00eanica e depois recebeu alta.\u00a0No final de agosto [&hellip;]<\/p>\n","protected":false},"author":2,"featured_media":106238,"comment_status":"open","ping_status":"open","sticky":false,"template":"","format":"standard","meta":{"footnotes":"","_links_to":"","_links_to_target":""},"categories":[1],"tags":[],"class_list":["post-106236","post","type-post","status-publish","format-standard","has-post-thumbnail","hentry","category-geral"],"views":829,"_links":{"self":[{"href":"https:\/\/www.sudoestehoje.com.br\/novoportal\/wp-json\/wp\/v2\/posts\/106236","targetHints":{"allow":["GET"]}}],"collection":[{"href":"https:\/\/www.sudoestehoje.com.br\/novoportal\/wp-json\/wp\/v2\/posts"}],"about":[{"href":"https:\/\/www.sudoestehoje.com.br\/novoportal\/wp-json\/wp\/v2\/types\/post"}],"author":[{"embeddable":true,"href":"https:\/\/www.sudoestehoje.com.br\/novoportal\/wp-json\/wp\/v2\/users\/2"}],"replies":[{"embeddable":true,"href":"https:\/\/www.sudoestehoje.com.br\/novoportal\/wp-json\/wp\/v2\/comments?post=106236"}],"version-history":[{"count":3,"href":"https:\/\/www.sudoestehoje.com.br\/novoportal\/wp-json\/wp\/v2\/posts\/106236\/revisions"}],"predecessor-version":[{"id":106240,"href":"https:\/\/www.sudoestehoje.com.br\/novoportal\/wp-json\/wp\/v2\/posts\/106236\/revisions\/106240"}],"wp:featuredmedia":[{"embeddable":true,"href":"https:\/\/www.sudoestehoje.com.br\/novoportal\/wp-json\/wp\/v2\/media\/106238"}],"wp:attachment":[{"href":"https:\/\/www.sudoestehoje.com.br\/novoportal\/wp-json\/wp\/v2\/media?parent=106236"}],"wp:term":[{"taxonomy":"category","embeddable":true,"href":"https:\/\/www.sudoestehoje.com.br\/novoportal\/wp-json\/wp\/v2\/categories?post=106236"},{"taxonomy":"post_tag","embeddable":true,"href":"https:\/\/www.sudoestehoje.com.br\/novoportal\/wp-json\/wp\/v2\/tags?post=106236"}],"curies":[{"name":"wp","href":"https:\/\/api.w.org\/{rel}","templated":true}]}}