
{"id":106218,"date":"2022-11-21T19:52:28","date_gmt":"2022-11-21T22:52:28","guid":{"rendered":"https:\/\/www.sudoestehoje.com.br\/novoportal\/?p=106218"},"modified":"2022-11-21T19:52:28","modified_gmt":"2022-11-21T22:52:28","slug":"ibge-podera-contratar-recenseadores-sem-processo-seletivo-a-partir-desta-semana","status":"publish","type":"post","link":"https:\/\/www.sudoestehoje.com.br\/novoportal\/2022\/11\/21\/ibge-podera-contratar-recenseadores-sem-processo-seletivo-a-partir-desta-semana\/","title":{"rendered":"IBGE PODER\u00c1 CONTRATAR RECENSEADORES SEM PROCESSO SELETIVO A PARTIR DESTA SEMANA"},"content":{"rendered":"<p><a href=\"https:\/\/www.sudoestehoje.com.br\/novoportal\/wp-content\/uploads\/2022\/11\/Mont-Censo22.webp\"><img loading=\"lazy\" decoding=\"async\" class=\"aligncenter size-medium wp-image-106222\" src=\"https:\/\/www.sudoestehoje.com.br\/novoportal\/wp-content\/uploads\/2022\/11\/Mont-Censo22-500x365.webp\" alt=\"\" width=\"500\" height=\"365\" srcset=\"https:\/\/www.sudoestehoje.com.br\/novoportal\/wp-content\/uploads\/2022\/11\/Mont-Censo22-500x365.webp 500w, https:\/\/www.sudoestehoje.com.br\/novoportal\/wp-content\/uploads\/2022\/11\/Mont-Censo22.webp 640w\" sizes=\"auto, (max-width: 500px) 100vw, 500px\" \/><\/a><\/p>\n<p>A partir desta segunda-feira (21), o Instituto Brasileiro de Geografia e Estat\u00edstica (IBGE) pode contratar pessoal, por tempo determinado, para trabalhar no Censo 2022. Conforme a Medida Provis\u00f3ria (MP) 1.141, fica dispensada a realiza\u00e7\u00e3o de processo seletivo e est\u00e3o inclu\u00eddos aposentados pelos regimes pr\u00f3prios de previd\u00eancia social da Uni\u00e3o, dos estados, do Distrito Federal ou dos munic\u00edpios.<\/p>\n<p>A MP, publicada na edi\u00e7\u00e3o desta segunda-feira do Di\u00e1rio Oficial da Uni\u00e3o (DOU), determina que os contratados v\u00e3o desempenhar atividades ordin\u00e1rias pertinentes ao recenseamento. De acordo com o IBGE, n\u00e3o haver\u00e1 diferen\u00e7as nas condi\u00e7\u00f5es de trabalho entre os contratados e concorrentes, segundo a Ag\u00eancia Brasil.<\/p>\n<p>\u201cHaver\u00e1 igualdade de condi\u00e7\u00f5es na sele\u00e7\u00e3o, na contrata\u00e7\u00e3o e na execu\u00e7\u00e3o da contrata\u00e7\u00e3o entre os aposentados e os demais concorrentes ou contratados\u201d, informa o IBGE.<\/p>\n","protected":false},"excerpt":{"rendered":"<p>A partir desta segunda-feira (21), o Instituto Brasileiro de Geografia e Estat\u00edstica (IBGE) pode contratar pessoal, por tempo determinado, para trabalhar no Censo 2022. Conforme a Medida Provis\u00f3ria (MP) 1.141, fica dispensada a realiza\u00e7\u00e3o de processo seletivo e est\u00e3o inclu\u00eddos aposentados pelos regimes pr\u00f3prios de previd\u00eancia social da Uni\u00e3o, dos estados, do Distrito Federal ou [&hellip;]<\/p>\n","protected":false},"author":2,"featured_media":106222,"comment_status":"open","ping_status":"open","sticky":false,"template":"","format":"standard","meta":{"footnotes":"","_links_to":"","_links_to_target":""},"categories":[1],"tags":[],"class_list":["post-106218","post","type-post","status-publish","format-standard","has-post-thumbnail","hentry","category-geral"],"views":765,"_links":{"self":[{"href":"https:\/\/www.sudoestehoje.com.br\/novoportal\/wp-json\/wp\/v2\/posts\/106218","targetHints":{"allow":["GET"]}}],"collection":[{"href":"https:\/\/www.sudoestehoje.com.br\/novoportal\/wp-json\/wp\/v2\/posts"}],"about":[{"href":"https:\/\/www.sudoestehoje.com.br\/novoportal\/wp-json\/wp\/v2\/types\/post"}],"author":[{"embeddable":true,"href":"https:\/\/www.sudoestehoje.com.br\/novoportal\/wp-json\/wp\/v2\/users\/2"}],"replies":[{"embeddable":true,"href":"https:\/\/www.sudoestehoje.com.br\/novoportal\/wp-json\/wp\/v2\/comments?post=106218"}],"version-history":[{"count":4,"href":"https:\/\/www.sudoestehoje.com.br\/novoportal\/wp-json\/wp\/v2\/posts\/106218\/revisions"}],"predecessor-version":[{"id":106223,"href":"https:\/\/www.sudoestehoje.com.br\/novoportal\/wp-json\/wp\/v2\/posts\/106218\/revisions\/106223"}],"wp:featuredmedia":[{"embeddable":true,"href":"https:\/\/www.sudoestehoje.com.br\/novoportal\/wp-json\/wp\/v2\/media\/106222"}],"wp:attachment":[{"href":"https:\/\/www.sudoestehoje.com.br\/novoportal\/wp-json\/wp\/v2\/media?parent=106218"}],"wp:term":[{"taxonomy":"category","embeddable":true,"href":"https:\/\/www.sudoestehoje.com.br\/novoportal\/wp-json\/wp\/v2\/categories?post=106218"},{"taxonomy":"post_tag","embeddable":true,"href":"https:\/\/www.sudoestehoje.com.br\/novoportal\/wp-json\/wp\/v2\/tags?post=106218"}],"curies":[{"name":"wp","href":"https:\/\/api.w.org\/{rel}","templated":true}]}}