
{"id":106192,"date":"2022-11-20T18:35:26","date_gmt":"2022-11-20T21:35:26","guid":{"rendered":"https:\/\/www.sudoestehoje.com.br\/novoportal\/?p=106192"},"modified":"2022-11-23T22:51:30","modified_gmt":"2022-11-24T01:51:30","slug":"rede-oticas-sol-realiza-black-week-2022","status":"publish","type":"post","link":"https:\/\/www.sudoestehoje.com.br\/novoportal\/2022\/11\/20\/rede-oticas-sol-realiza-black-week-2022\/","title":{"rendered":"REDE \u00d3TICAS SOL REALIZA BLACK WEEK 2022"},"content":{"rendered":"<p><a href=\"https:\/\/www.sudoestehoje.com.br\/novoportal\/wp-content\/uploads\/2022\/11\/WhatsApp-Image-2022-11-20-at-18.12.31-2.jpeg\"><img loading=\"lazy\" decoding=\"async\" class=\"aligncenter size-medium wp-image-106196\" src=\"https:\/\/www.sudoestehoje.com.br\/novoportal\/wp-content\/uploads\/2022\/11\/WhatsApp-Image-2022-11-20-at-18.12.31-2-500x500.jpeg\" alt=\"\" width=\"500\" height=\"500\" srcset=\"https:\/\/www.sudoestehoje.com.br\/novoportal\/wp-content\/uploads\/2022\/11\/WhatsApp-Image-2022-11-20-at-18.12.31-2-500x500.jpeg 500w, https:\/\/www.sudoestehoje.com.br\/novoportal\/wp-content\/uploads\/2022\/11\/WhatsApp-Image-2022-11-20-at-18.12.31-2-700x700.jpeg 700w, https:\/\/www.sudoestehoje.com.br\/novoportal\/wp-content\/uploads\/2022\/11\/WhatsApp-Image-2022-11-20-at-18.12.31-2-150x150.jpeg 150w, https:\/\/www.sudoestehoje.com.br\/novoportal\/wp-content\/uploads\/2022\/11\/WhatsApp-Image-2022-11-20-at-18.12.31-2-768x768.jpeg 768w, https:\/\/www.sudoestehoje.com.br\/novoportal\/wp-content\/uploads\/2022\/11\/WhatsApp-Image-2022-11-20-at-18.12.31-2.jpeg 940w\" sizes=\"auto, (max-width: 500px) 100vw, 500px\" \/><\/a><\/p>\n<p>A Rede \u00d3ticas Sol est\u00e1 lan\u00e7ando a grande Black Week 2022. A campanha promocional que j\u00e1 \u00e9 conhecida mundialmente acontece no m\u00eas de novembro, e na Rede \u00d3ticas Sol ter\u00e1 dura\u00e7\u00e3o de uma semana, come\u00e7ando no dia 21 de novembro (segunda-feira) at\u00e9 o dia 26 de novembro (s\u00e1bado) de 2022.<\/p>\n<p>Na Black Week da SOL, os clientes poder\u00e3o adquirir seus \u00f3culos solares, arma\u00e7\u00f5es e lentes com 50% desconto, e podendo parcelar as suas compras em at\u00e9 10X sem juros!<\/p>\n<p>A campanha Black Week 2022 da Rede \u00d3ticas Sol \u00e9 uma excelente oportunidade para quem precisa atualizar suas lentes e adquirir \u00f3culos de grau ou solar.<\/p>\n<p>Durante todo o per\u00edodo da Black Week, diversas marcas de \u00f3culos e materiais de alta qualidade e tecnologia, estar\u00e3o mais vi\u00e1veis aos clientes, dispon\u00edveis pela metade do pre\u00e7o e com condi\u00e7\u00f5es facilitadas para o pagamento. A rede conta tamb\u00e9m com laborat\u00f3rio pr\u00f3prio.<\/p>\n<p>N\u00e3o perca e compare\u00e7a na SOL mais pr\u00f3xima de voc\u00ea!<\/p>\n<p>A Rede Sol conta com 9 lojas f\u00edsicas no estado da Bahia, nas cidades: Itapetinga (duas unidades), Vit\u00f3ria da Conquista, Guanambi (duas unidades), Brumado, Itoror\u00f3, Livramento e Cacul\u00e9.<\/p>\n<p>Para acompanhar todo conte\u00fado da SOL nesta semana imperd\u00edvel de PROMO\u00c7\u00c3O, confiram o Instagram: @redeoticasol.<\/p>\n","protected":false},"excerpt":{"rendered":"<p>A Rede \u00d3ticas Sol est\u00e1 lan\u00e7ando a grande Black Week 2022. A campanha promocional que j\u00e1 \u00e9 conhecida mundialmente acontece no m\u00eas de novembro, e na Rede \u00d3ticas Sol ter\u00e1 dura\u00e7\u00e3o de uma semana, come\u00e7ando no dia 21 de novembro (segunda-feira) at\u00e9 o dia 26 de novembro (s\u00e1bado) de 2022. Na Black Week da SOL, [&hellip;]<\/p>\n","protected":false},"author":2,"featured_media":106196,"comment_status":"closed","ping_status":"open","sticky":false,"template":"","format":"standard","meta":{"footnotes":"","_links_to":"","_links_to_target":""},"categories":[1],"tags":[],"class_list":["post-106192","post","type-post","status-publish","format-standard","has-post-thumbnail","hentry","category-geral"],"views":950,"_links":{"self":[{"href":"https:\/\/www.sudoestehoje.com.br\/novoportal\/wp-json\/wp\/v2\/posts\/106192","targetHints":{"allow":["GET"]}}],"collection":[{"href":"https:\/\/www.sudoestehoje.com.br\/novoportal\/wp-json\/wp\/v2\/posts"}],"about":[{"href":"https:\/\/www.sudoestehoje.com.br\/novoportal\/wp-json\/wp\/v2\/types\/post"}],"author":[{"embeddable":true,"href":"https:\/\/www.sudoestehoje.com.br\/novoportal\/wp-json\/wp\/v2\/users\/2"}],"replies":[{"embeddable":true,"href":"https:\/\/www.sudoestehoje.com.br\/novoportal\/wp-json\/wp\/v2\/comments?post=106192"}],"version-history":[{"count":2,"href":"https:\/\/www.sudoestehoje.com.br\/novoportal\/wp-json\/wp\/v2\/posts\/106192\/revisions"}],"predecessor-version":[{"id":106197,"href":"https:\/\/www.sudoestehoje.com.br\/novoportal\/wp-json\/wp\/v2\/posts\/106192\/revisions\/106197"}],"wp:featuredmedia":[{"embeddable":true,"href":"https:\/\/www.sudoestehoje.com.br\/novoportal\/wp-json\/wp\/v2\/media\/106196"}],"wp:attachment":[{"href":"https:\/\/www.sudoestehoje.com.br\/novoportal\/wp-json\/wp\/v2\/media?parent=106192"}],"wp:term":[{"taxonomy":"category","embeddable":true,"href":"https:\/\/www.sudoestehoje.com.br\/novoportal\/wp-json\/wp\/v2\/categories?post=106192"},{"taxonomy":"post_tag","embeddable":true,"href":"https:\/\/www.sudoestehoje.com.br\/novoportal\/wp-json\/wp\/v2\/tags?post=106192"}],"curies":[{"name":"wp","href":"https:\/\/api.w.org\/{rel}","templated":true}]}}