
{"id":106187,"date":"2022-11-20T10:45:40","date_gmt":"2022-11-20T13:45:40","guid":{"rendered":"https:\/\/www.sudoestehoje.com.br\/novoportal\/?p=106187"},"modified":"2022-11-23T22:51:50","modified_gmt":"2022-11-24T01:51:50","slug":"enem-2o-dia-de-provas-e-neste-domingo","status":"publish","type":"post","link":"https:\/\/www.sudoestehoje.com.br\/novoportal\/2022\/11\/20\/enem-2o-dia-de-provas-e-neste-domingo\/","title":{"rendered":"ENEM | 2\u00ba DIA DE PROVAS \u00c9 NESTE DOMINGO"},"content":{"rendered":"<p><a href=\"https:\/\/www.sudoestehoje.com.br\/novoportal\/wp-content\/uploads\/2022\/11\/enem-interpretacao-de-textos-1566223880784_v2_900x506.jpg\"><img loading=\"lazy\" decoding=\"async\" class=\"aligncenter size-medium wp-image-106190\" src=\"https:\/\/www.sudoestehoje.com.br\/novoportal\/wp-content\/uploads\/2022\/11\/enem-interpretacao-de-textos-1566223880784_v2_900x506-500x281.jpg\" alt=\"\" width=\"500\" height=\"281\" srcset=\"https:\/\/www.sudoestehoje.com.br\/novoportal\/wp-content\/uploads\/2022\/11\/enem-interpretacao-de-textos-1566223880784_v2_900x506-500x281.jpg 500w, https:\/\/www.sudoestehoje.com.br\/novoportal\/wp-content\/uploads\/2022\/11\/enem-interpretacao-de-textos-1566223880784_v2_900x506-700x394.jpg 700w, https:\/\/www.sudoestehoje.com.br\/novoportal\/wp-content\/uploads\/2022\/11\/enem-interpretacao-de-textos-1566223880784_v2_900x506-768x432.jpg 768w, https:\/\/www.sudoestehoje.com.br\/novoportal\/wp-content\/uploads\/2022\/11\/enem-interpretacao-de-textos-1566223880784_v2_900x506.jpg 900w\" sizes=\"auto, (max-width: 500px) 100vw, 500px\" \/><\/a><\/p>\n<p>O segundo e \u00faltimo dia de provas do Exame Nacional do Ensino M\u00e9dio (Enem) \u00e9 neste domingo(20). Os participantes far\u00e3o as provas de matem\u00e1tica e ci\u00eancias da natureza, que engloba qu\u00edmica, f\u00edsica e biologia em mais de 1,7 mil munic\u00edpios. Ao todo, ser\u00e3o 90 quest\u00f5es objetivas. A aplica\u00e7\u00e3o ter\u00e1 5 horas de dura\u00e7\u00e3o.<\/p>\n<p>As provas ser\u00e3o aplicadas tanto para os candidatos inscritos na vers\u00e3o impressa quanto na vers\u00e3o digital do exame. As quest\u00f5es ser\u00e3o iguais nas duas modalidades.<\/p>\n<p>Para fazer o exame \u00e9 obrigat\u00f3rio apresentar o documento de identidade e ter uma caneta esferogr\u00e1fica de tinta preta fabricada em material transparente. No Enem digital, as respostas s\u00e3o dadas no computador, mas os participantes recebem uma folha de rascunho para fazer os c\u00e1lculos \u00e0 m\u00e3o, por isso, a caneta \u00e9 tamb\u00e9m necess\u00e1ria no segundo dia de prova.<\/p>\n<p>Entre as identifica\u00e7\u00f5es aceitas est\u00e3o a carteira de identidade, o passaporte, carteira de motorista e a carteira de trabalho emitida ap\u00f3s 27 de janeiro de 1997. A novidade desta edi\u00e7\u00e3o \u00e9 que s\u00e3o aceitos os documentos digitais com foto do e-T\u00edtulo, CNH digital e RG digital. Eles devem ser apresentados nos respectivos aplicativos oficiais N\u00e3o ser\u00e3o aceitas fotos da tela do celular.<\/p>\n","protected":false},"excerpt":{"rendered":"<p>O segundo e \u00faltimo dia de provas do Exame Nacional do Ensino M\u00e9dio (Enem) \u00e9 neste domingo(20). Os participantes far\u00e3o as provas de matem\u00e1tica e ci\u00eancias da natureza, que engloba qu\u00edmica, f\u00edsica e biologia em mais de 1,7 mil munic\u00edpios. Ao todo, ser\u00e3o 90 quest\u00f5es objetivas. A aplica\u00e7\u00e3o ter\u00e1 5 horas de dura\u00e7\u00e3o. As provas [&hellip;]<\/p>\n","protected":false},"author":2,"featured_media":106190,"comment_status":"closed","ping_status":"open","sticky":false,"template":"","format":"standard","meta":{"footnotes":"","_links_to":"","_links_to_target":""},"categories":[1],"tags":[],"class_list":["post-106187","post","type-post","status-publish","format-standard","has-post-thumbnail","hentry","category-geral"],"views":798,"_links":{"self":[{"href":"https:\/\/www.sudoestehoje.com.br\/novoportal\/wp-json\/wp\/v2\/posts\/106187","targetHints":{"allow":["GET"]}}],"collection":[{"href":"https:\/\/www.sudoestehoje.com.br\/novoportal\/wp-json\/wp\/v2\/posts"}],"about":[{"href":"https:\/\/www.sudoestehoje.com.br\/novoportal\/wp-json\/wp\/v2\/types\/post"}],"author":[{"embeddable":true,"href":"https:\/\/www.sudoestehoje.com.br\/novoportal\/wp-json\/wp\/v2\/users\/2"}],"replies":[{"embeddable":true,"href":"https:\/\/www.sudoestehoje.com.br\/novoportal\/wp-json\/wp\/v2\/comments?post=106187"}],"version-history":[{"count":3,"href":"https:\/\/www.sudoestehoje.com.br\/novoportal\/wp-json\/wp\/v2\/posts\/106187\/revisions"}],"predecessor-version":[{"id":106191,"href":"https:\/\/www.sudoestehoje.com.br\/novoportal\/wp-json\/wp\/v2\/posts\/106187\/revisions\/106191"}],"wp:featuredmedia":[{"embeddable":true,"href":"https:\/\/www.sudoestehoje.com.br\/novoportal\/wp-json\/wp\/v2\/media\/106190"}],"wp:attachment":[{"href":"https:\/\/www.sudoestehoje.com.br\/novoportal\/wp-json\/wp\/v2\/media?parent=106187"}],"wp:term":[{"taxonomy":"category","embeddable":true,"href":"https:\/\/www.sudoestehoje.com.br\/novoportal\/wp-json\/wp\/v2\/categories?post=106187"},{"taxonomy":"post_tag","embeddable":true,"href":"https:\/\/www.sudoestehoje.com.br\/novoportal\/wp-json\/wp\/v2\/tags?post=106187"}],"curies":[{"name":"wp","href":"https:\/\/api.w.org\/{rel}","templated":true}]}}