
{"id":106184,"date":"2022-11-20T10:33:40","date_gmt":"2022-11-20T13:33:40","guid":{"rendered":"https:\/\/www.sudoestehoje.com.br\/novoportal\/?p=106184"},"modified":"2022-11-20T10:33:40","modified_gmt":"2022-11-20T13:33:40","slug":"copa-do-catar-comeca-neste-domingo","status":"publish","type":"post","link":"https:\/\/www.sudoestehoje.com.br\/novoportal\/2022\/11\/20\/copa-do-catar-comeca-neste-domingo\/","title":{"rendered":"COPA DO CATAR COME\u00c7A NESTE DOMINGO"},"content":{"rendered":"<p class=\"bodytext\"><a href=\"https:\/\/www.sudoestehoje.com.br\/novoportal\/wp-content\/uploads\/2022\/11\/FI.jpg\"><img loading=\"lazy\" decoding=\"async\" class=\"aligncenter size-medium wp-image-106185\" src=\"https:\/\/www.sudoestehoje.com.br\/novoportal\/wp-content\/uploads\/2022\/11\/FI-500x300.jpg\" alt=\"\" width=\"500\" height=\"300\" srcset=\"https:\/\/www.sudoestehoje.com.br\/novoportal\/wp-content\/uploads\/2022\/11\/FI-500x300.jpg 500w, https:\/\/www.sudoestehoje.com.br\/novoportal\/wp-content\/uploads\/2022\/11\/FI-700x420.jpg 700w, https:\/\/www.sudoestehoje.com.br\/novoportal\/wp-content\/uploads\/2022\/11\/FI.jpg 750w\" sizes=\"auto, (max-width: 500px) 100vw, 500px\" \/><\/a><\/p>\n<p class=\"bodytext\">Prepare o seu cora\u00e7\u00e3o, pois a Copa do Mundo do Catar come\u00e7a neste domingo (20).\u00a0A cerim\u00f4nia de abertura inicia\u00a0\u00e0s 11h40 (hor\u00e1rio de Bras\u00edlia), no est\u00e1dio Al Bayt, pouco mais de uma hora antes do jogo inaugural\u00a0entre a sele\u00e7\u00e3o anfitri\u00e3 e o Equador. Confira a seguir todos os detalhes dos dois eventos para acompanhar\u00a0as emo\u00e7\u00f5es deste primeiro dia do Mundial.<\/p>\n<p class=\"bodytext\"><strong>Cerim\u00f4nia de abertura<\/strong><\/p>\n<p class=\"bodytext\">Entre as atra\u00e7\u00f5es da festa inicial est\u00e3o o cantor sul-coreano Jung Kook, do grupo de k-pop BTS, e o catari Fahad Al Kubaisi, que v\u00e3o interpretar o singles Dreamers, de autoria de Savoir Adore. E ainda o rapper Lil Baby, respons\u00e1vel por uma das can\u00e7\u00f5es\u00a0da trilha sonora da Copa do Mundo, e outros astros que n\u00e3o foram anunciados. Os cantores Robbie Williams e Nora Fatehi, al\u00e9m do grupo de rap Black Eyed Peas, s\u00e3o nomes especulados.<\/p>\n<p class=\"bodytext\">A festa acontecer\u00e1 no\u00a0est\u00e1dio Al Bayt, que vai receber oito partidas, sendo uma delas uma semifinal. A pra\u00e7a esportiva\u00a0fica localizada\u00a0a 40 quil\u00f4metros de Doha, na cidade de Al Khor, e estar\u00e1 com um cen\u00e1rio de tenda bedu\u00edna. A cerim\u00f4nia\u00a0ser\u00e1\u00a0iniciada\u00a0\u00e0s 11h40 (hor\u00e1rio de Bras\u00edlia) deste domingo (20) e ter\u00e1 dura\u00e7\u00e3o de 30 minutos.<\/p>\n","protected":false},"excerpt":{"rendered":"<p>Prepare o seu cora\u00e7\u00e3o, pois a Copa do Mundo do Catar come\u00e7a neste domingo (20).\u00a0A cerim\u00f4nia de abertura inicia\u00a0\u00e0s 11h40 (hor\u00e1rio de Bras\u00edlia), no est\u00e1dio Al Bayt, pouco mais de uma hora antes do jogo inaugural\u00a0entre a sele\u00e7\u00e3o anfitri\u00e3 e o Equador. Confira a seguir todos os detalhes dos dois eventos para acompanhar\u00a0as emo\u00e7\u00f5es deste [&hellip;]<\/p>\n","protected":false},"author":2,"featured_media":106185,"comment_status":"open","ping_status":"open","sticky":false,"template":"","format":"standard","meta":{"footnotes":"","_links_to":"","_links_to_target":""},"categories":[1],"tags":[],"class_list":["post-106184","post","type-post","status-publish","format-standard","has-post-thumbnail","hentry","category-geral"],"views":774,"_links":{"self":[{"href":"https:\/\/www.sudoestehoje.com.br\/novoportal\/wp-json\/wp\/v2\/posts\/106184","targetHints":{"allow":["GET"]}}],"collection":[{"href":"https:\/\/www.sudoestehoje.com.br\/novoportal\/wp-json\/wp\/v2\/posts"}],"about":[{"href":"https:\/\/www.sudoestehoje.com.br\/novoportal\/wp-json\/wp\/v2\/types\/post"}],"author":[{"embeddable":true,"href":"https:\/\/www.sudoestehoje.com.br\/novoportal\/wp-json\/wp\/v2\/users\/2"}],"replies":[{"embeddable":true,"href":"https:\/\/www.sudoestehoje.com.br\/novoportal\/wp-json\/wp\/v2\/comments?post=106184"}],"version-history":[{"count":1,"href":"https:\/\/www.sudoestehoje.com.br\/novoportal\/wp-json\/wp\/v2\/posts\/106184\/revisions"}],"predecessor-version":[{"id":106186,"href":"https:\/\/www.sudoestehoje.com.br\/novoportal\/wp-json\/wp\/v2\/posts\/106184\/revisions\/106186"}],"wp:featuredmedia":[{"embeddable":true,"href":"https:\/\/www.sudoestehoje.com.br\/novoportal\/wp-json\/wp\/v2\/media\/106185"}],"wp:attachment":[{"href":"https:\/\/www.sudoestehoje.com.br\/novoportal\/wp-json\/wp\/v2\/media?parent=106184"}],"wp:term":[{"taxonomy":"category","embeddable":true,"href":"https:\/\/www.sudoestehoje.com.br\/novoportal\/wp-json\/wp\/v2\/categories?post=106184"},{"taxonomy":"post_tag","embeddable":true,"href":"https:\/\/www.sudoestehoje.com.br\/novoportal\/wp-json\/wp\/v2\/tags?post=106184"}],"curies":[{"name":"wp","href":"https:\/\/api.w.org\/{rel}","templated":true}]}}