
{"id":106145,"date":"2022-11-17T10:11:49","date_gmt":"2022-11-17T13:11:49","guid":{"rendered":"https:\/\/www.sudoestehoje.com.br\/novoportal\/?p=106145"},"modified":"2022-11-17T10:26:53","modified_gmt":"2022-11-17T13:26:53","slug":"itapetinga-revitalizacao-do-centro-continua-apos-reforma-da-alameda","status":"publish","type":"post","link":"https:\/\/www.sudoestehoje.com.br\/novoportal\/2022\/11\/17\/itapetinga-revitalizacao-do-centro-continua-apos-reforma-da-alameda\/","title":{"rendered":"ITAPETINGA | REVITALIZA\u00c7\u00c3O DO CENTRO CONTINUA AP\u00d3S REFORMA DA ALAMEDA"},"content":{"rendered":"<p><a href=\"https:\/\/www.sudoestehoje.com.br\/novoportal\/wp-content\/uploads\/2022\/11\/WhatsApp-Image-2022-11-17-at-10.08.46.jpeg\"><img loading=\"lazy\" decoding=\"async\" class=\"aligncenter size-medium wp-image-106147\" src=\"https:\/\/www.sudoestehoje.com.br\/novoportal\/wp-content\/uploads\/2022\/11\/WhatsApp-Image-2022-11-17-at-10.08.46-500x282.jpeg\" alt=\"\" width=\"500\" height=\"282\" srcset=\"https:\/\/www.sudoestehoje.com.br\/novoportal\/wp-content\/uploads\/2022\/11\/WhatsApp-Image-2022-11-17-at-10.08.46-500x282.jpeg 500w, https:\/\/www.sudoestehoje.com.br\/novoportal\/wp-content\/uploads\/2022\/11\/WhatsApp-Image-2022-11-17-at-10.08.46-700x394.jpeg 700w, https:\/\/www.sudoestehoje.com.br\/novoportal\/wp-content\/uploads\/2022\/11\/WhatsApp-Image-2022-11-17-at-10.08.46-768x432.jpeg 768w, https:\/\/www.sudoestehoje.com.br\/novoportal\/wp-content\/uploads\/2022\/11\/WhatsApp-Image-2022-11-17-at-10.08.46-1536x865.jpeg 1536w, https:\/\/www.sudoestehoje.com.br\/novoportal\/wp-content\/uploads\/2022\/11\/WhatsApp-Image-2022-11-17-at-10.08.46.jpeg 1600w\" sizes=\"auto, (max-width: 500px) 100vw, 500px\" \/><\/a><\/p>\n<p>Dentro do processo de revitaliza\u00e7\u00e3o do centro comercial de Itapetinga, iniciado com a reforma da Alameda Rui Barbosa, outras vias centrais tamb\u00e9m est\u00e3o inclu\u00eddas, como a Rua Bar\u00e3o do Rio Branco (trecho da Caixa), Rua Jos\u00e9 Bonif\u00e1cio (Banco do Brasil) e Rua Jo\u00e3o Pessoa (Armaz\u00e9m Cruzeiro e Farm\u00e1cia Camacan).<\/p>\n<p>No trecho da Bar\u00e3o do Rio Branco, ser\u00e1 constru\u00edda outra alameda, com fechamento total para tr\u00e1fego de ve\u00edculos, o que dever\u00e1 valorizar os pontos comerciais ali existentes e incentivar o com\u00e9rcio.<\/p>\n<p>Na rua do Banco do Brasil, at\u00e9 a esquina com a Santos Dumont, as cal\u00e7adas ser\u00e3o alargadas com estreitamento da pista, permitindo a passagem de ve\u00edculos de pequeno e m\u00e9dio porte, sem possibilidade de estacionamento.<\/p>\n<p>No trecho da Rua Jo\u00e3o Pessoa, entre a Alameda Rui Barbosa e a esquina da JJ Seabra, ainda n\u00e3o h\u00e1 consenso de fecha ou n\u00e3o, podendo alargar apenas as cal\u00e7adas.<\/p>\n<p>De acordo com o secret\u00e1rio de infraestrutura, Eng. Gustavo David, as obras ter\u00e3o continuidade ap\u00f3s a conclus\u00e3o da Alameda Rui Barbosa e per\u00edodo de Natal e seguir\u00e3o o mesmo padr\u00e3o. A previs\u00e3o \u00e9 de que recomecem a partir de janeiro de 2023.<\/p>\n<p><strong><em>Por Davi Ferraz\u00a0<\/em><\/strong><\/p>\n","protected":false},"excerpt":{"rendered":"<p>Dentro do processo de revitaliza\u00e7\u00e3o do centro comercial de Itapetinga, iniciado com a reforma da Alameda Rui Barbosa, outras vias centrais tamb\u00e9m est\u00e3o inclu\u00eddas, como a Rua Bar\u00e3o do Rio Branco (trecho da Caixa), Rua Jos\u00e9 Bonif\u00e1cio (Banco do Brasil) e Rua Jo\u00e3o Pessoa (Armaz\u00e9m Cruzeiro e Farm\u00e1cia Camacan). No trecho da Bar\u00e3o do Rio [&hellip;]<\/p>\n","protected":false},"author":2,"featured_media":106147,"comment_status":"open","ping_status":"open","sticky":false,"template":"","format":"standard","meta":{"footnotes":"","_links_to":"","_links_to_target":""},"categories":[1],"tags":[],"class_list":["post-106145","post","type-post","status-publish","format-standard","has-post-thumbnail","hentry","category-geral"],"views":1178,"_links":{"self":[{"href":"https:\/\/www.sudoestehoje.com.br\/novoportal\/wp-json\/wp\/v2\/posts\/106145","targetHints":{"allow":["GET"]}}],"collection":[{"href":"https:\/\/www.sudoestehoje.com.br\/novoportal\/wp-json\/wp\/v2\/posts"}],"about":[{"href":"https:\/\/www.sudoestehoje.com.br\/novoportal\/wp-json\/wp\/v2\/types\/post"}],"author":[{"embeddable":true,"href":"https:\/\/www.sudoestehoje.com.br\/novoportal\/wp-json\/wp\/v2\/users\/2"}],"replies":[{"embeddable":true,"href":"https:\/\/www.sudoestehoje.com.br\/novoportal\/wp-json\/wp\/v2\/comments?post=106145"}],"version-history":[{"count":3,"href":"https:\/\/www.sudoestehoje.com.br\/novoportal\/wp-json\/wp\/v2\/posts\/106145\/revisions"}],"predecessor-version":[{"id":106149,"href":"https:\/\/www.sudoestehoje.com.br\/novoportal\/wp-json\/wp\/v2\/posts\/106145\/revisions\/106149"}],"wp:featuredmedia":[{"embeddable":true,"href":"https:\/\/www.sudoestehoje.com.br\/novoportal\/wp-json\/wp\/v2\/media\/106147"}],"wp:attachment":[{"href":"https:\/\/www.sudoestehoje.com.br\/novoportal\/wp-json\/wp\/v2\/media?parent=106145"}],"wp:term":[{"taxonomy":"category","embeddable":true,"href":"https:\/\/www.sudoestehoje.com.br\/novoportal\/wp-json\/wp\/v2\/categories?post=106145"},{"taxonomy":"post_tag","embeddable":true,"href":"https:\/\/www.sudoestehoje.com.br\/novoportal\/wp-json\/wp\/v2\/tags?post=106145"}],"curies":[{"name":"wp","href":"https:\/\/api.w.org\/{rel}","templated":true}]}}