
{"id":106094,"date":"2022-11-14T10:53:43","date_gmt":"2022-11-14T13:53:43","guid":{"rendered":"https:\/\/www.sudoestehoje.com.br\/novoportal\/?p=106094"},"modified":"2022-11-15T22:51:39","modified_gmt":"2022-11-16T01:51:39","slug":"uniao-brasil-define-esta-semana-se-apoia-lula-acm-neto-e-moro-sao-contra","status":"publish","type":"post","link":"https:\/\/www.sudoestehoje.com.br\/novoportal\/2022\/11\/14\/uniao-brasil-define-esta-semana-se-apoia-lula-acm-neto-e-moro-sao-contra\/","title":{"rendered":"UNI\u00c3O BRASIL DEFINE ESTA SEMANA SE APOIA LULA; ACM NETO E MORO S\u00c3O CONTRA"},"content":{"rendered":"<p><a href=\"https:\/\/www.sudoestehoje.com.br\/novoportal\/wp-content\/uploads\/2022\/11\/acm-neto-e-moro.jpg\"><img loading=\"lazy\" decoding=\"async\" class=\"aligncenter size-medium wp-image-106098\" src=\"https:\/\/www.sudoestehoje.com.br\/novoportal\/wp-content\/uploads\/2022\/11\/acm-neto-e-moro-500x311.jpg\" alt=\"\" width=\"500\" height=\"311\" srcset=\"https:\/\/www.sudoestehoje.com.br\/novoportal\/wp-content\/uploads\/2022\/11\/acm-neto-e-moro-500x311.jpg 500w, https:\/\/www.sudoestehoje.com.br\/novoportal\/wp-content\/uploads\/2022\/11\/acm-neto-e-moro.jpg 700w\" sizes=\"auto, (max-width: 500px) 100vw, 500px\" \/><\/a><\/p>\n<p>A dire\u00e7\u00e3o do Uni\u00e3o Brasil deve se reunir nesta semana para decidir a posi\u00e7\u00e3o do partido com rela\u00e7\u00e3o ao governo do presidente eleito Luiz In\u00e1cio Lula da Silva (PT).<\/p>\n<p>Segundo a\u00a0<em>Folha de S. Paulo<\/em>, a maioria da bancada federal defende apoiar o novo presidente, e aceitaria compor o governo com cargos de primeiro e segundo escal\u00f5es.<\/p>\n<p>O partido elegeu 59 deputados federais e ter\u00e1 dez senadores a partir do ano que vem. A posi\u00e7\u00e3o \u00e9 defendida tamb\u00e9m pelo presidente da legenda, Luciano Bivar.<\/p>\n<p>No entanto, nomes importantes do partido, a exemplo do ex-prefeito de Salvador, ACM Neto, que \u00e9 secret\u00e1rio-geral do Uni\u00e3o Brasil, e do senador eleito, Sergio Moro, s\u00e3o contra esse posicionamento.<\/p>\n<ul>\n<li>Ainda de acordo com a\u00a0<em>Folha<\/em>, A tend\u00eancia \u00e9 que o partido abra exce\u00e7\u00f5es nesses casos, para que possam continuar se manifestando contrariamente ao futuro governo.<\/li>\n<\/ul>\n","protected":false},"excerpt":{"rendered":"<p>A dire\u00e7\u00e3o do Uni\u00e3o Brasil deve se reunir nesta semana para decidir a posi\u00e7\u00e3o do partido com rela\u00e7\u00e3o ao governo do presidente eleito Luiz In\u00e1cio Lula da Silva (PT). Segundo a\u00a0Folha de S. Paulo, a maioria da bancada federal defende apoiar o novo presidente, e aceitaria compor o governo com cargos de primeiro e segundo [&hellip;]<\/p>\n","protected":false},"author":2,"featured_media":106098,"comment_status":"closed","ping_status":"open","sticky":false,"template":"","format":"standard","meta":{"footnotes":"","_links_to":"","_links_to_target":""},"categories":[1],"tags":[],"class_list":["post-106094","post","type-post","status-publish","format-standard","has-post-thumbnail","hentry","category-geral"],"views":851,"_links":{"self":[{"href":"https:\/\/www.sudoestehoje.com.br\/novoportal\/wp-json\/wp\/v2\/posts\/106094","targetHints":{"allow":["GET"]}}],"collection":[{"href":"https:\/\/www.sudoestehoje.com.br\/novoportal\/wp-json\/wp\/v2\/posts"}],"about":[{"href":"https:\/\/www.sudoestehoje.com.br\/novoportal\/wp-json\/wp\/v2\/types\/post"}],"author":[{"embeddable":true,"href":"https:\/\/www.sudoestehoje.com.br\/novoportal\/wp-json\/wp\/v2\/users\/2"}],"replies":[{"embeddable":true,"href":"https:\/\/www.sudoestehoje.com.br\/novoportal\/wp-json\/wp\/v2\/comments?post=106094"}],"version-history":[{"count":4,"href":"https:\/\/www.sudoestehoje.com.br\/novoportal\/wp-json\/wp\/v2\/posts\/106094\/revisions"}],"predecessor-version":[{"id":106099,"href":"https:\/\/www.sudoestehoje.com.br\/novoportal\/wp-json\/wp\/v2\/posts\/106094\/revisions\/106099"}],"wp:featuredmedia":[{"embeddable":true,"href":"https:\/\/www.sudoestehoje.com.br\/novoportal\/wp-json\/wp\/v2\/media\/106098"}],"wp:attachment":[{"href":"https:\/\/www.sudoestehoje.com.br\/novoportal\/wp-json\/wp\/v2\/media?parent=106094"}],"wp:term":[{"taxonomy":"category","embeddable":true,"href":"https:\/\/www.sudoestehoje.com.br\/novoportal\/wp-json\/wp\/v2\/categories?post=106094"},{"taxonomy":"post_tag","embeddable":true,"href":"https:\/\/www.sudoestehoje.com.br\/novoportal\/wp-json\/wp\/v2\/tags?post=106094"}],"curies":[{"name":"wp","href":"https:\/\/api.w.org\/{rel}","templated":true}]}}