
{"id":106086,"date":"2022-11-13T12:30:02","date_gmt":"2022-11-13T15:30:02","guid":{"rendered":"https:\/\/www.sudoestehoje.com.br\/novoportal\/?p=106086"},"modified":"2022-11-13T22:22:35","modified_gmt":"2022-11-14T01:22:35","slug":"ex-deputada-flordelis-e-condenada-a-50-anos-de-prisao-por-morte-do-marido","status":"publish","type":"post","link":"https:\/\/www.sudoestehoje.com.br\/novoportal\/2022\/11\/13\/ex-deputada-flordelis-e-condenada-a-50-anos-de-prisao-por-morte-do-marido\/","title":{"rendered":"EX-DEPUTADA FLORDELIS \u00c9 CONDENADA A 50 ANOS DE PRIS\u00c3O POR MORTE DO MARIDO"},"content":{"rendered":"<p><a href=\"https:\/\/www.sudoestehoje.com.br\/novoportal\/wp-content\/uploads\/2022\/11\/flordelis-condenada.jpg\"><img loading=\"lazy\" decoding=\"async\" class=\"aligncenter size-medium wp-image-106088\" src=\"https:\/\/www.sudoestehoje.com.br\/novoportal\/wp-content\/uploads\/2022\/11\/flordelis-condenada-500x333.jpg\" alt=\"\" width=\"500\" height=\"333\" srcset=\"https:\/\/www.sudoestehoje.com.br\/novoportal\/wp-content\/uploads\/2022\/11\/flordelis-condenada-500x333.jpg 500w, https:\/\/www.sudoestehoje.com.br\/novoportal\/wp-content\/uploads\/2022\/11\/flordelis-condenada-700x467.jpg 700w, https:\/\/www.sudoestehoje.com.br\/novoportal\/wp-content\/uploads\/2022\/11\/flordelis-condenada-768x512.jpg 768w, https:\/\/www.sudoestehoje.com.br\/novoportal\/wp-content\/uploads\/2022\/11\/flordelis-condenada.jpg 1200w\" sizes=\"auto, (max-width: 500px) 100vw, 500px\" \/><\/a><\/p>\n<p>A ex-deputada federal <em>Flordelis dos Santos Souza<\/em> foi considerada culpada pelo assassinato do pastor Anderson do Carmo e condenada a 50 anos e 28 dias de pris\u00e3o.<\/p>\n<p>Na manh\u00e3 deste domingo (13), a pastora foi considerada a pessoa que tramou contra o marido por disputas, na fam\u00edlia, por dinheiro e influ\u00eancia, sendo condenada pelos crimes de homic\u00eddio triplamente qualificado, tentativa de homic\u00eddio duplamente qualificado, al\u00e9m uso de documento falso e associa\u00e7\u00e3o criminosa armada.<\/p>\n<p>Al\u00e9m de Flordelis, Simone dos Santos Rodrigues, filha biol\u00f3gica da ex-deputada, foi condenada a 31 anos e 4 meses de pris\u00e3o por homic\u00eddio triplamente qualificado, tentativa de homic\u00eddio duplamente qualificado e associa\u00e7\u00e3o criminosa armada.<\/p>\n<p>Outros dois filhos da pastora tamb\u00e9m j\u00e1 haviam sido condenados pelo crime de homic\u00eddio, foram eles Fl\u00e1vio dos Santos Rodrigues, filho biol\u00f3gico, acusado de atirar no padrasto. Recebeu a senten\u00e7a de 33 anos e dois meses de pris\u00e3o por homic\u00eddio triplamente qualificado, porte ilegal de arma, uso de documento ilegal e associa\u00e7\u00e3o criminosa armada.<\/p>\n<p>O terceiro filho condenando foi Lucas C\u00e9zar dos Santos Souza, filho adotivo, apontado por comprar a arma do crime. Recebeu a senten\u00e7a de sete anos e meio por homic\u00eddio triplamente qualificado. A pena foi reduzida por ter colaborado com as investiga\u00e7\u00f5es.<\/p>\n","protected":false},"excerpt":{"rendered":"<p>A ex-deputada federal Flordelis dos Santos Souza foi considerada culpada pelo assassinato do pastor Anderson do Carmo e condenada a 50 anos e 28 dias de pris\u00e3o. Na manh\u00e3 deste domingo (13), a pastora foi considerada a pessoa que tramou contra o marido por disputas, na fam\u00edlia, por dinheiro e influ\u00eancia, sendo condenada pelos crimes [&hellip;]<\/p>\n","protected":false},"author":2,"featured_media":106088,"comment_status":"closed","ping_status":"open","sticky":false,"template":"","format":"standard","meta":{"footnotes":"","_links_to":"","_links_to_target":""},"categories":[1],"tags":[],"class_list":["post-106086","post","type-post","status-publish","format-standard","has-post-thumbnail","hentry","category-geral"],"views":819,"_links":{"self":[{"href":"https:\/\/www.sudoestehoje.com.br\/novoportal\/wp-json\/wp\/v2\/posts\/106086","targetHints":{"allow":["GET"]}}],"collection":[{"href":"https:\/\/www.sudoestehoje.com.br\/novoportal\/wp-json\/wp\/v2\/posts"}],"about":[{"href":"https:\/\/www.sudoestehoje.com.br\/novoportal\/wp-json\/wp\/v2\/types\/post"}],"author":[{"embeddable":true,"href":"https:\/\/www.sudoestehoje.com.br\/novoportal\/wp-json\/wp\/v2\/users\/2"}],"replies":[{"embeddable":true,"href":"https:\/\/www.sudoestehoje.com.br\/novoportal\/wp-json\/wp\/v2\/comments?post=106086"}],"version-history":[{"count":1,"href":"https:\/\/www.sudoestehoje.com.br\/novoportal\/wp-json\/wp\/v2\/posts\/106086\/revisions"}],"predecessor-version":[{"id":106089,"href":"https:\/\/www.sudoestehoje.com.br\/novoportal\/wp-json\/wp\/v2\/posts\/106086\/revisions\/106089"}],"wp:featuredmedia":[{"embeddable":true,"href":"https:\/\/www.sudoestehoje.com.br\/novoportal\/wp-json\/wp\/v2\/media\/106088"}],"wp:attachment":[{"href":"https:\/\/www.sudoestehoje.com.br\/novoportal\/wp-json\/wp\/v2\/media?parent=106086"}],"wp:term":[{"taxonomy":"category","embeddable":true,"href":"https:\/\/www.sudoestehoje.com.br\/novoportal\/wp-json\/wp\/v2\/categories?post=106086"},{"taxonomy":"post_tag","embeddable":true,"href":"https:\/\/www.sudoestehoje.com.br\/novoportal\/wp-json\/wp\/v2\/tags?post=106086"}],"curies":[{"name":"wp","href":"https:\/\/api.w.org\/{rel}","templated":true}]}}