
{"id":106075,"date":"2022-11-11T17:48:23","date_gmt":"2022-11-11T20:48:23","guid":{"rendered":"https:\/\/www.sudoestehoje.com.br\/novoportal\/?p=106075"},"modified":"2022-11-12T17:00:29","modified_gmt":"2022-11-12T20:00:29","slug":"acidente-deixa-3-pessoas-mortas-e-uma-ferida-no-extremo-sul-da-bahia","status":"publish","type":"post","link":"https:\/\/www.sudoestehoje.com.br\/novoportal\/2022\/11\/11\/acidente-deixa-3-pessoas-mortas-e-uma-ferida-no-extremo-sul-da-bahia\/","title":{"rendered":"ACIDENTE DEIXA 3 PESSOAS MORTAS E UMA FERIDA NO EXTREMO SUL DA BAHIA"},"content":{"rendered":"<div id=\"chunk-6lh1i\">\n<div class=\"mc-column content-text active-extra-styles \" data-block-type=\"unstyled\" data-block-weight=\"37\" data-block-id=\"3\">\n<p data-track-category=\"Link no Texto\" data-track-links=\"\"><a href=\"https:\/\/www.sudoestehoje.com.br\/novoportal\/wp-content\/uploads\/2022\/11\/whatsapp-image-2022-11-11-at-10.36.57.webp\"><img loading=\"lazy\" decoding=\"async\" class=\"aligncenter size-medium wp-image-106077\" src=\"https:\/\/www.sudoestehoje.com.br\/novoportal\/wp-content\/uploads\/2022\/11\/whatsapp-image-2022-11-11-at-10.36.57-500x280.webp\" alt=\"\" width=\"500\" height=\"280\" srcset=\"https:\/\/www.sudoestehoje.com.br\/novoportal\/wp-content\/uploads\/2022\/11\/whatsapp-image-2022-11-11-at-10.36.57-500x280.webp 500w, https:\/\/www.sudoestehoje.com.br\/novoportal\/wp-content\/uploads\/2022\/11\/whatsapp-image-2022-11-11-at-10.36.57-700x392.webp 700w, https:\/\/www.sudoestehoje.com.br\/novoportal\/wp-content\/uploads\/2022\/11\/whatsapp-image-2022-11-11-at-10.36.57-768x430.webp 768w, https:\/\/www.sudoestehoje.com.br\/novoportal\/wp-content\/uploads\/2022\/11\/whatsapp-image-2022-11-11-at-10.36.57.webp 984w\" sizes=\"auto, (max-width: 500px) 100vw, 500px\" \/><\/a><\/p>\n<p class=\"content-text__container \" data-track-category=\"Link no Texto\" data-track-links=\"\">Tr\u00eas pessoas morreram e uma ficou ferida ap\u00f3s uma batida entre dois carros e um caminh\u00e3o. O acidente ocorreu na manh\u00e3 desta sexta-feira (11), na BR-101, perto do munic\u00edpio de\u00a0<a href=\"https:\/\/g1.globo.com\/ba\/bahia\/cidade\/itagimirim\/\">Itagimirim<\/a>, no extremo sul da Bahia.<\/p>\n<\/div>\n<\/div>\n<div class=\"wall protected-content\">\n<div id=\"chunk-8jrb3\">\n<div class=\"mc-column content-text active-extra-styles \" data-block-type=\"unstyled\" data-block-weight=\"43\" data-block-id=\"4\">\n<p class=\"content-text__container \" data-track-category=\"Link no Texto\" data-track-links=\"\">De acordo com a Pol\u00edcia Rodovi\u00e1ria Federal (PRF), a colis\u00e3o aconteceu no KM 78, depois que um dos carros invadiu a contram\u00e3o e se chocou de frente com o caminh\u00e3o. Um terceiro carro que vinha em seguida tamb\u00e9m atingiu os dois ve\u00edculos.<\/p>\n<div id=\"chunk-e83vs\">\n<div class=\"mc-column content-text active-extra-styles \" data-block-type=\"unstyled\" data-block-weight=\"41\" data-block-id=\"7\">\n<p class=\"content-text__container \" data-track-category=\"Link no Texto\" data-track-links=\"\">A pista foi interditada momentaneamente, porque houve derramamento de \u00f3leo na pista e tamb\u00e9m para retirada dos autom\u00f3veis envolvidos. O Corpo de Bombeiros foi acionado para limpeza da via e as equipes tamb\u00e9m retiraram as v\u00edtimas das ferragens dos carros.<\/p>\n<p data-track-category=\"Link no Texto\" data-track-links=\"\"><a href=\"https:\/\/www.sudoestehoje.com.br\/novoportal\/wp-content\/uploads\/2022\/11\/whatsapp-image-2022-11-11-at-10.36.57-1-.webp\"><img loading=\"lazy\" decoding=\"async\" class=\"aligncenter size-medium wp-image-106078\" src=\"https:\/\/www.sudoestehoje.com.br\/novoportal\/wp-content\/uploads\/2022\/11\/whatsapp-image-2022-11-11-at-10.36.57-1--500x422.webp\" alt=\"\" width=\"500\" height=\"422\" srcset=\"https:\/\/www.sudoestehoje.com.br\/novoportal\/wp-content\/uploads\/2022\/11\/whatsapp-image-2022-11-11-at-10.36.57-1--500x422.webp 500w, https:\/\/www.sudoestehoje.com.br\/novoportal\/wp-content\/uploads\/2022\/11\/whatsapp-image-2022-11-11-at-10.36.57-1--700x590.webp 700w, https:\/\/www.sudoestehoje.com.br\/novoportal\/wp-content\/uploads\/2022\/11\/whatsapp-image-2022-11-11-at-10.36.57-1--768x648.webp 768w, https:\/\/www.sudoestehoje.com.br\/novoportal\/wp-content\/uploads\/2022\/11\/whatsapp-image-2022-11-11-at-10.36.57-1-.webp 984w\" sizes=\"auto, (max-width: 500px) 100vw, 500px\" \/><\/a><\/p>\n<\/div>\n<\/div>\n<div id=\"chunk-1gfr9\">\n<div class=\"mc-column content-text active-extra-styles \" data-block-type=\"unstyled\" data-block-weight=\"54\" data-block-id=\"8\">\n<p class=\"content-text__container \" data-track-category=\"Link no Texto\" data-track-links=\"\">Todas as v\u00edtimas estavam nos carros, mas n\u00e3o foram identificadas. O ferido foi levado por equipes do Servi\u00e7o de Atendimento M\u00f3vel de Urg\u00eancia (Samu) para o Hospital Regional de\u00a0<a href=\"https:\/\/g1.globo.com\/ba\/bahia\/cidade\/eunapolis\/\">Eun\u00e1polis<\/a>. Os socorristas tamb\u00e9m constataram os \u00f3bitos ainda no local do acidente. O motorista do caminh\u00e3o n\u00e3o sofreu ferimentos e n\u00e3o teve nome divulgado.<\/p>\n<\/div>\n<\/div>\n<\/div>\n<\/div>\n<\/div>\n","protected":false},"excerpt":{"rendered":"<p>Tr\u00eas pessoas morreram e uma ficou ferida ap\u00f3s uma batida entre dois carros e um caminh\u00e3o. O acidente ocorreu na manh\u00e3 desta sexta-feira (11), na BR-101, perto do munic\u00edpio de\u00a0Itagimirim, no extremo sul da Bahia. De acordo com a Pol\u00edcia Rodovi\u00e1ria Federal (PRF), a colis\u00e3o aconteceu no KM 78, depois que um dos carros invadiu [&hellip;]<\/p>\n","protected":false},"author":2,"featured_media":106077,"comment_status":"closed","ping_status":"open","sticky":false,"template":"","format":"standard","meta":{"footnotes":"","_links_to":"","_links_to_target":""},"categories":[1],"tags":[],"class_list":["post-106075","post","type-post","status-publish","format-standard","has-post-thumbnail","hentry","category-geral"],"views":774,"_links":{"self":[{"href":"https:\/\/www.sudoestehoje.com.br\/novoportal\/wp-json\/wp\/v2\/posts\/106075","targetHints":{"allow":["GET"]}}],"collection":[{"href":"https:\/\/www.sudoestehoje.com.br\/novoportal\/wp-json\/wp\/v2\/posts"}],"about":[{"href":"https:\/\/www.sudoestehoje.com.br\/novoportal\/wp-json\/wp\/v2\/types\/post"}],"author":[{"embeddable":true,"href":"https:\/\/www.sudoestehoje.com.br\/novoportal\/wp-json\/wp\/v2\/users\/2"}],"replies":[{"embeddable":true,"href":"https:\/\/www.sudoestehoje.com.br\/novoportal\/wp-json\/wp\/v2\/comments?post=106075"}],"version-history":[{"count":2,"href":"https:\/\/www.sudoestehoje.com.br\/novoportal\/wp-json\/wp\/v2\/posts\/106075\/revisions"}],"predecessor-version":[{"id":106079,"href":"https:\/\/www.sudoestehoje.com.br\/novoportal\/wp-json\/wp\/v2\/posts\/106075\/revisions\/106079"}],"wp:featuredmedia":[{"embeddable":true,"href":"https:\/\/www.sudoestehoje.com.br\/novoportal\/wp-json\/wp\/v2\/media\/106077"}],"wp:attachment":[{"href":"https:\/\/www.sudoestehoje.com.br\/novoportal\/wp-json\/wp\/v2\/media?parent=106075"}],"wp:term":[{"taxonomy":"category","embeddable":true,"href":"https:\/\/www.sudoestehoje.com.br\/novoportal\/wp-json\/wp\/v2\/categories?post=106075"},{"taxonomy":"post_tag","embeddable":true,"href":"https:\/\/www.sudoestehoje.com.br\/novoportal\/wp-json\/wp\/v2\/tags?post=106075"}],"curies":[{"name":"wp","href":"https:\/\/api.w.org\/{rel}","templated":true}]}}