
{"id":106057,"date":"2022-11-09T18:43:37","date_gmt":"2022-11-09T21:43:37","guid":{"rendered":"https:\/\/www.sudoestehoje.com.br\/novoportal\/?p=106057"},"modified":"2022-11-11T17:40:54","modified_gmt":"2022-11-11T20:40:54","slug":"morre-em-sao-paulo-o-apresentador-cantor-e-compositor-rolando-boldrin","status":"publish","type":"post","link":"https:\/\/www.sudoestehoje.com.br\/novoportal\/2022\/11\/09\/morre-em-sao-paulo-o-apresentador-cantor-e-compositor-rolando-boldrin\/","title":{"rendered":"MORRE EM S\u00c3O PAULO O APRESENTADOR, CANTOR E COMPOSITOR ROLANDO BOLDRIN"},"content":{"rendered":"<p><a href=\"https:\/\/www.sudoestehoje.com.br\/novoportal\/wp-content\/uploads\/2022\/11\/20221108184135_rolando-boldrin-tv-1000x530-1.jpg\"><img loading=\"lazy\" decoding=\"async\" class=\"aligncenter size-medium wp-image-106059\" src=\"https:\/\/www.sudoestehoje.com.br\/novoportal\/wp-content\/uploads\/2022\/11\/20221108184135_rolando-boldrin-tv-1000x530-1-500x265.jpg\" alt=\"\" width=\"500\" height=\"265\" srcset=\"https:\/\/www.sudoestehoje.com.br\/novoportal\/wp-content\/uploads\/2022\/11\/20221108184135_rolando-boldrin-tv-1000x530-1-500x265.jpg 500w, https:\/\/www.sudoestehoje.com.br\/novoportal\/wp-content\/uploads\/2022\/11\/20221108184135_rolando-boldrin-tv-1000x530-1-700x371.jpg 700w, https:\/\/www.sudoestehoje.com.br\/novoportal\/wp-content\/uploads\/2022\/11\/20221108184135_rolando-boldrin-tv-1000x530-1-768x407.jpg 768w, https:\/\/www.sudoestehoje.com.br\/novoportal\/wp-content\/uploads\/2022\/11\/20221108184135_rolando-boldrin-tv-1000x530-1.jpg 1000w\" sizes=\"auto, (max-width: 500px) 100vw, 500px\" \/><\/a><\/p>\n<p>O apresentador, cantor, compositor e ator Rolando Boldrin morreu na tarde desta quarta-feira (9), em S\u00e3o Paulo. A morte foi confirmada pela assessoria do artista, no entanto, o motivo n\u00e3o foi divulgado. Boldrin estava no ar semanalmente na TV Cultura no programa \u201cSr Brasil\u201d. O vel\u00f3rio ser\u00e1 realizado na Assembleia Legislativa do Estado de S\u00e3o Paulo (Alesp) em hor\u00e1rio a ser confirmado.<\/p>\n<p>Ator de filmes premiados e de novelas acompanhadas no Brasil inteiro e at\u00e9 no exterior, tornou-se compositor e grande contador de causos.<\/p>\n<p>Em maio deste ano, a TV Cultura homenageou Boldrin pelos 85 anos de vida com a exibi\u00e7\u00e3o do document\u00e1rio \u201cEu, A Viola e Deus\u201d, dirigido por Jo\u00e3o Batista de Andrade.<\/p>\n","protected":false},"excerpt":{"rendered":"<p>O apresentador, cantor, compositor e ator Rolando Boldrin morreu na tarde desta quarta-feira (9), em S\u00e3o Paulo. A morte foi confirmada pela assessoria do artista, no entanto, o motivo n\u00e3o foi divulgado. Boldrin estava no ar semanalmente na TV Cultura no programa \u201cSr Brasil\u201d. O vel\u00f3rio ser\u00e1 realizado na Assembleia Legislativa do Estado de S\u00e3o [&hellip;]<\/p>\n","protected":false},"author":2,"featured_media":106059,"comment_status":"closed","ping_status":"open","sticky":false,"template":"","format":"standard","meta":{"footnotes":"","_links_to":"","_links_to_target":""},"categories":[1],"tags":[],"class_list":["post-106057","post","type-post","status-publish","format-standard","has-post-thumbnail","hentry","category-geral"],"views":759,"_links":{"self":[{"href":"https:\/\/www.sudoestehoje.com.br\/novoportal\/wp-json\/wp\/v2\/posts\/106057","targetHints":{"allow":["GET"]}}],"collection":[{"href":"https:\/\/www.sudoestehoje.com.br\/novoportal\/wp-json\/wp\/v2\/posts"}],"about":[{"href":"https:\/\/www.sudoestehoje.com.br\/novoportal\/wp-json\/wp\/v2\/types\/post"}],"author":[{"embeddable":true,"href":"https:\/\/www.sudoestehoje.com.br\/novoportal\/wp-json\/wp\/v2\/users\/2"}],"replies":[{"embeddable":true,"href":"https:\/\/www.sudoestehoje.com.br\/novoportal\/wp-json\/wp\/v2\/comments?post=106057"}],"version-history":[{"count":2,"href":"https:\/\/www.sudoestehoje.com.br\/novoportal\/wp-json\/wp\/v2\/posts\/106057\/revisions"}],"predecessor-version":[{"id":106060,"href":"https:\/\/www.sudoestehoje.com.br\/novoportal\/wp-json\/wp\/v2\/posts\/106057\/revisions\/106060"}],"wp:featuredmedia":[{"embeddable":true,"href":"https:\/\/www.sudoestehoje.com.br\/novoportal\/wp-json\/wp\/v2\/media\/106059"}],"wp:attachment":[{"href":"https:\/\/www.sudoestehoje.com.br\/novoportal\/wp-json\/wp\/v2\/media?parent=106057"}],"wp:term":[{"taxonomy":"category","embeddable":true,"href":"https:\/\/www.sudoestehoje.com.br\/novoportal\/wp-json\/wp\/v2\/categories?post=106057"},{"taxonomy":"post_tag","embeddable":true,"href":"https:\/\/www.sudoestehoje.com.br\/novoportal\/wp-json\/wp\/v2\/tags?post=106057"}],"curies":[{"name":"wp","href":"https:\/\/api.w.org\/{rel}","templated":true}]}}