
{"id":105988,"date":"2022-11-08T21:42:31","date_gmt":"2022-11-09T00:42:31","guid":{"rendered":"https:\/\/www.sudoestehoje.com.br\/novoportal\/?p=105988"},"modified":"2022-11-08T21:51:54","modified_gmt":"2022-11-09T00:51:54","slug":"homem-e-preso-suspeito-de-estuprar-e-engravidar-filha-de-13-anos-na-bahia","status":"publish","type":"post","link":"https:\/\/www.sudoestehoje.com.br\/novoportal\/2022\/11\/08\/homem-e-preso-suspeito-de-estuprar-e-engravidar-filha-de-13-anos-na-bahia\/","title":{"rendered":"HOMEM \u00c9 PRESO SUSPEITO DE ESTUPRAR E ENGRAVIDAR FILHA DE 13 ANOS NA BAHIA"},"content":{"rendered":"<div id=\"chunk-6aoa0\">\n<div class=\"mc-column content-text active-extra-styles \" data-block-type=\"unstyled\" data-block-weight=\"45\" data-block-id=\"3\">\n<p data-track-category=\"Link no Texto\" data-track-links=\"\"><a href=\"https:\/\/www.sudoestehoje.com.br\/novoportal\/wp-content\/uploads\/2022\/11\/DJI_0140-Avenida-principal-Barra_KEL-DOURADO_TantoExpresso_08-07-2021.jpg\"><img loading=\"lazy\" decoding=\"async\" class=\"aligncenter size-medium wp-image-105989\" src=\"https:\/\/www.sudoestehoje.com.br\/novoportal\/wp-content\/uploads\/2022\/11\/DJI_0140-Avenida-principal-Barra_KEL-DOURADO_TantoExpresso_08-07-2021-500x309.jpg\" alt=\"\" width=\"500\" height=\"309\" srcset=\"https:\/\/www.sudoestehoje.com.br\/novoportal\/wp-content\/uploads\/2022\/11\/DJI_0140-Avenida-principal-Barra_KEL-DOURADO_TantoExpresso_08-07-2021-500x309.jpg 500w, https:\/\/www.sudoestehoje.com.br\/novoportal\/wp-content\/uploads\/2022\/11\/DJI_0140-Avenida-principal-Barra_KEL-DOURADO_TantoExpresso_08-07-2021-700x432.jpg 700w, https:\/\/www.sudoestehoje.com.br\/novoportal\/wp-content\/uploads\/2022\/11\/DJI_0140-Avenida-principal-Barra_KEL-DOURADO_TantoExpresso_08-07-2021-768x474.jpg 768w, https:\/\/www.sudoestehoje.com.br\/novoportal\/wp-content\/uploads\/2022\/11\/DJI_0140-Avenida-principal-Barra_KEL-DOURADO_TantoExpresso_08-07-2021.jpg 892w\" sizes=\"auto, (max-width: 500px) 100vw, 500px\" \/><\/a><\/p>\n<p class=\"content-text__container \" data-track-category=\"Link no Texto\" data-track-links=\"\">Um homem de 31 anos foi preso no povoado de Igarit\u00e9, na cidade de\u00a0<a href=\"https:\/\/g1.globo.com\/ba\/bahia\/cidade\/barra\/\">Barra<\/a>, oeste da Bahia, suspeito de estuprar e engravidar a filha de 13 anos, conforme informa\u00e7\u00f5es da Pol\u00edcia Civil da regi\u00e3o, nesta ter\u00e7a-feira (8). A data da pris\u00e3o n\u00e3o foi detalhada.<\/p>\n<\/div>\n<\/div>\n<div class=\"wall protected-content\">\n<div id=\"chunk-akt1t\">\n<div class=\"mc-column content-text active-extra-styles \" data-block-type=\"unstyled\" data-block-weight=\"57\" data-block-id=\"4\">\n<p class=\"content-text__container \" data-track-category=\"Link no Texto\" data-track-links=\"\">De acordo com a Pol\u00edcia Civil da cidade, o suspeito teria assumido em depoimento que abusou da filha quando ela tinha 11 anos, mas n\u00e3o deu detalhes de quanto tempo duraram os abusos. A menina morava com o pai, a madrasta e a irm\u00e3 de nove anos. Ela relatou o ocorrido \u00e0 m\u00e3e ap\u00f3s fugir do im\u00f3vel.<\/p>\n<div id=\"chunk-4k5lg\">\n<div class=\"mc-column content-text active-extra-styles \" data-block-type=\"unstyled\" data-block-weight=\"24\" data-block-id=\"6\">\n<p class=\"content-text__container \" data-track-category=\"Link no Texto\" data-track-links=\"\">Ainda de acordo com a pol\u00edcia, a m\u00e3e da crian\u00e7a foi \u00e0 delegacia com a filha para fazer a den\u00fancia contra seu ex-companheiro.<\/p>\n<\/div>\n<\/div>\n<div id=\"chunk-bkojk\">\n<div class=\"mc-column content-text active-extra-styles \" data-block-type=\"unstyled\" data-block-weight=\"47\" data-block-id=\"7\">\n<p class=\"content-text__container \" data-track-category=\"Link no Texto\" data-track-links=\"\">Em depoimento \u00e0 pol\u00edcia, a v\u00edtima detalhou que os abusos aconteciam quando a madrasta, que \u00e9 deficiente auditiva, ia para a sede da cidade de Barra fazer compras. A crian\u00e7a disse que pedia para que o pai parasse com o estupro, mas ele a amea\u00e7ava de morte.<\/p>\n<\/div>\n<\/div>\n<div id=\"chunk-cv2r2\">\n<div class=\"mc-column content-text active-extra-styles \" data-block-type=\"unstyled\" data-block-weight=\"42\" data-block-id=\"8\">\n<p class=\"content-text__container \" data-track-category=\"Link no Texto\" data-track-links=\"\">A pol\u00edcia informou que, ap\u00f3s os abusos, a menina percebeu que seu corpo havia mudado e descobriu que estava gr\u00e1vida. A v\u00edtima teve o beb\u00ea em julho do ano passado e ele foi doado para uma fam\u00edlia, de acordo com a pol\u00edcia.<\/p>\n<\/div>\n<\/div>\n<\/div>\n<\/div>\n<\/div>\n","protected":false},"excerpt":{"rendered":"<p>Um homem de 31 anos foi preso no povoado de Igarit\u00e9, na cidade de\u00a0Barra, oeste da Bahia, suspeito de estuprar e engravidar a filha de 13 anos, conforme informa\u00e7\u00f5es da Pol\u00edcia Civil da regi\u00e3o, nesta ter\u00e7a-feira (8). A data da pris\u00e3o n\u00e3o foi detalhada. De acordo com a Pol\u00edcia Civil da cidade, o suspeito teria [&hellip;]<\/p>\n","protected":false},"author":2,"featured_media":105989,"comment_status":"closed","ping_status":"open","sticky":false,"template":"","format":"standard","meta":{"footnotes":"","_links_to":"","_links_to_target":""},"categories":[1],"tags":[],"class_list":["post-105988","post","type-post","status-publish","format-standard","has-post-thumbnail","hentry","category-geral"],"views":887,"_links":{"self":[{"href":"https:\/\/www.sudoestehoje.com.br\/novoportal\/wp-json\/wp\/v2\/posts\/105988","targetHints":{"allow":["GET"]}}],"collection":[{"href":"https:\/\/www.sudoestehoje.com.br\/novoportal\/wp-json\/wp\/v2\/posts"}],"about":[{"href":"https:\/\/www.sudoestehoje.com.br\/novoportal\/wp-json\/wp\/v2\/types\/post"}],"author":[{"embeddable":true,"href":"https:\/\/www.sudoestehoje.com.br\/novoportal\/wp-json\/wp\/v2\/users\/2"}],"replies":[{"embeddable":true,"href":"https:\/\/www.sudoestehoje.com.br\/novoportal\/wp-json\/wp\/v2\/comments?post=105988"}],"version-history":[{"count":4,"href":"https:\/\/www.sudoestehoje.com.br\/novoportal\/wp-json\/wp\/v2\/posts\/105988\/revisions"}],"predecessor-version":[{"id":105993,"href":"https:\/\/www.sudoestehoje.com.br\/novoportal\/wp-json\/wp\/v2\/posts\/105988\/revisions\/105993"}],"wp:featuredmedia":[{"embeddable":true,"href":"https:\/\/www.sudoestehoje.com.br\/novoportal\/wp-json\/wp\/v2\/media\/105989"}],"wp:attachment":[{"href":"https:\/\/www.sudoestehoje.com.br\/novoportal\/wp-json\/wp\/v2\/media?parent=105988"}],"wp:term":[{"taxonomy":"category","embeddable":true,"href":"https:\/\/www.sudoestehoje.com.br\/novoportal\/wp-json\/wp\/v2\/categories?post=105988"},{"taxonomy":"post_tag","embeddable":true,"href":"https:\/\/www.sudoestehoje.com.br\/novoportal\/wp-json\/wp\/v2\/tags?post=105988"}],"curies":[{"name":"wp","href":"https:\/\/api.w.org\/{rel}","templated":true}]}}