
{"id":105985,"date":"2022-11-08T21:17:38","date_gmt":"2022-11-09T00:17:38","guid":{"rendered":"https:\/\/www.sudoestehoje.com.br\/novoportal\/?p=105985"},"modified":"2022-11-08T21:52:10","modified_gmt":"2022-11-09T00:52:10","slug":"saae-informa-abastecimento-sera-interrompido-nesta-quarta-feira-para-lavagem-dos-decantadores","status":"publish","type":"post","link":"https:\/\/www.sudoestehoje.com.br\/novoportal\/2022\/11\/08\/saae-informa-abastecimento-sera-interrompido-nesta-quarta-feira-para-lavagem-dos-decantadores\/","title":{"rendered":"SAAE INFORMA: ABASTECIMENTO SER\u00c1 INTERROMPIDO NESTA QUARTA-FEIRA PARA LAVAGEM DOS DECANTADORES"},"content":{"rendered":"<p><a href=\"https:\/\/www.sudoestehoje.com.br\/novoportal\/wp-content\/uploads\/2022\/11\/SAAE-INFORMA.png\"><img loading=\"lazy\" decoding=\"async\" class=\"aligncenter size-medium wp-image-105986\" src=\"https:\/\/www.sudoestehoje.com.br\/novoportal\/wp-content\/uploads\/2022\/11\/SAAE-INFORMA-500x167.png\" alt=\"\" width=\"500\" height=\"167\" srcset=\"https:\/\/www.sudoestehoje.com.br\/novoportal\/wp-content\/uploads\/2022\/11\/SAAE-INFORMA-500x167.png 500w, https:\/\/www.sudoestehoje.com.br\/novoportal\/wp-content\/uploads\/2022\/11\/SAAE-INFORMA-700x233.png 700w, https:\/\/www.sudoestehoje.com.br\/novoportal\/wp-content\/uploads\/2022\/11\/SAAE-INFORMA-768x256.png 768w, https:\/\/www.sudoestehoje.com.br\/novoportal\/wp-content\/uploads\/2022\/11\/SAAE-INFORMA.png 1500w\" sizes=\"auto, (max-width: 500px) 100vw, 500px\" \/><\/a><\/p>\n<p>Em cumprimento ao que determina o Minist\u00e9rio da Sa\u00fade, o SAAE de Itapetinga far\u00e1 nesta quarta-feira, 09\/11, a lavagem de um dos decantadores da Esta\u00e7\u00e3o de Tratamento de \u00c1gua, do Bairro Primavera.<\/p>\n<p><strong>O servi\u00e7o ser\u00e1 iniciado \u00e0s 17:30h e a previs\u00e3o de conclus\u00e3o \u00e9 \u00e0s 23:00h.<\/strong><\/p>\n<p>Haver\u00e1 interrup\u00e7\u00e3o do abatecimento durante a execu\u00e7\u00e3o do servi\u00e7o, devendo a normaliza\u00e7\u00e3o do fornecimento de \u00e1gua acontecer a partir da meia noite.<\/p>\n<p>Solicitamos a economia no uso da \u00e1gua do seu reservat\u00f3rio residencial.<\/p>\n<p>Mais uma vez agradecemos a aten\u00e7\u00e3o e compreens\u00e3o de todos.<\/p>\n","protected":false},"excerpt":{"rendered":"<p>Em cumprimento ao que determina o Minist\u00e9rio da Sa\u00fade, o SAAE de Itapetinga far\u00e1 nesta quarta-feira, 09\/11, a lavagem de um dos decantadores da Esta\u00e7\u00e3o de Tratamento de \u00c1gua, do Bairro Primavera. O servi\u00e7o ser\u00e1 iniciado \u00e0s 17:30h e a previs\u00e3o de conclus\u00e3o \u00e9 \u00e0s 23:00h. Haver\u00e1 interrup\u00e7\u00e3o do abatecimento durante a execu\u00e7\u00e3o do servi\u00e7o, [&hellip;]<\/p>\n","protected":false},"author":2,"featured_media":105986,"comment_status":"closed","ping_status":"open","sticky":false,"template":"","format":"standard","meta":{"footnotes":"","_links_to":"","_links_to_target":""},"categories":[1],"tags":[],"class_list":["post-105985","post","type-post","status-publish","format-standard","has-post-thumbnail","hentry","category-geral"],"views":778,"_links":{"self":[{"href":"https:\/\/www.sudoestehoje.com.br\/novoportal\/wp-json\/wp\/v2\/posts\/105985","targetHints":{"allow":["GET"]}}],"collection":[{"href":"https:\/\/www.sudoestehoje.com.br\/novoportal\/wp-json\/wp\/v2\/posts"}],"about":[{"href":"https:\/\/www.sudoestehoje.com.br\/novoportal\/wp-json\/wp\/v2\/types\/post"}],"author":[{"embeddable":true,"href":"https:\/\/www.sudoestehoje.com.br\/novoportal\/wp-json\/wp\/v2\/users\/2"}],"replies":[{"embeddable":true,"href":"https:\/\/www.sudoestehoje.com.br\/novoportal\/wp-json\/wp\/v2\/comments?post=105985"}],"version-history":[{"count":1,"href":"https:\/\/www.sudoestehoje.com.br\/novoportal\/wp-json\/wp\/v2\/posts\/105985\/revisions"}],"predecessor-version":[{"id":105987,"href":"https:\/\/www.sudoestehoje.com.br\/novoportal\/wp-json\/wp\/v2\/posts\/105985\/revisions\/105987"}],"wp:featuredmedia":[{"embeddable":true,"href":"https:\/\/www.sudoestehoje.com.br\/novoportal\/wp-json\/wp\/v2\/media\/105986"}],"wp:attachment":[{"href":"https:\/\/www.sudoestehoje.com.br\/novoportal\/wp-json\/wp\/v2\/media?parent=105985"}],"wp:term":[{"taxonomy":"category","embeddable":true,"href":"https:\/\/www.sudoestehoje.com.br\/novoportal\/wp-json\/wp\/v2\/categories?post=105985"},{"taxonomy":"post_tag","embeddable":true,"href":"https:\/\/www.sudoestehoje.com.br\/novoportal\/wp-json\/wp\/v2\/tags?post=105985"}],"curies":[{"name":"wp","href":"https:\/\/api.w.org\/{rel}","templated":true}]}}