
{"id":105979,"date":"2022-11-08T20:56:34","date_gmt":"2022-11-08T23:56:34","guid":{"rendered":"https:\/\/www.sudoestehoje.com.br\/novoportal\/?p=105979"},"modified":"2022-11-08T21:52:23","modified_gmt":"2022-11-09T00:52:23","slug":"antonio-brito-e-convidado-para-integrar-conselho-politico-do-governo-de-lula","status":"publish","type":"post","link":"https:\/\/www.sudoestehoje.com.br\/novoportal\/2022\/11\/08\/antonio-brito-e-convidado-para-integrar-conselho-politico-do-governo-de-lula\/","title":{"rendered":"ANT\u00d4NIO BRITO \u00c9 CONVIDADO PARA INTEGRAR CONSELHO POL\u00cdTICO DO GOVERNO DE LULA"},"content":{"rendered":"<p><a href=\"https:\/\/www.sudoestehoje.com.br\/novoportal\/wp-content\/uploads\/2022\/11\/img20191127171732998-768x511-1.jpg\"><img loading=\"lazy\" decoding=\"async\" class=\"aligncenter size-medium wp-image-105981\" src=\"https:\/\/www.sudoestehoje.com.br\/novoportal\/wp-content\/uploads\/2022\/11\/img20191127171732998-768x511-1-500x333.jpg\" alt=\"\" width=\"500\" height=\"333\" srcset=\"https:\/\/www.sudoestehoje.com.br\/novoportal\/wp-content\/uploads\/2022\/11\/img20191127171732998-768x511-1-500x333.jpg 500w, https:\/\/www.sudoestehoje.com.br\/novoportal\/wp-content\/uploads\/2022\/11\/img20191127171732998-768x511-1-700x466.jpg 700w, https:\/\/www.sudoestehoje.com.br\/novoportal\/wp-content\/uploads\/2022\/11\/img20191127171732998-768x511-1.jpg 768w\" sizes=\"auto, (max-width: 500px) 100vw, 500px\" \/><\/a><\/p>\n<p>O deputado federal baiano Ant\u00f4nio Brito (PSD) deve integrar o Conselho Pol\u00edtico no governo de transi\u00e7\u00e3o para gest\u00e3o do presidente eleito Luiz In\u00e1cio Lula da Silva (PT). A informa\u00e7\u00e3o foi confirmada pela presidente nacional do PT, a deputada federal Gleisi Hoffmann, nesta ter\u00e7a-feira (8).<\/p>\n<p style=\"font-weight: 400;\">De acordo com Gleisi, durante uma reuni\u00e3o com o presidente nacional do PSD Gilberto Kassab, o convite foi feito. <em>&#8220;Levei o convite [para] que o PSD integre o governo de transi\u00e7\u00e3o e o Conselho Pol\u00edtico. O deputado Ant\u00f4nio Brito foi indicado para compor o Conselho. Mais tarde o PSD indicar\u00e1 os membros que integrar\u00e3o o governo de transi\u00e7\u00e3o&#8221;<\/em>, indicou.<\/p>\n<p style=\"font-weight: 400;\">Brito foi reeleito no \u00faltimo pleito, indo para o quarto mandato como deputado federal pela Bahia.<\/p>\n","protected":false},"excerpt":{"rendered":"<p>O deputado federal baiano Ant\u00f4nio Brito (PSD) deve integrar o Conselho Pol\u00edtico no governo de transi\u00e7\u00e3o para gest\u00e3o do presidente eleito Luiz In\u00e1cio Lula da Silva (PT). A informa\u00e7\u00e3o foi confirmada pela presidente nacional do PT, a deputada federal Gleisi Hoffmann, nesta ter\u00e7a-feira (8). De acordo com Gleisi, durante uma reuni\u00e3o com o presidente nacional [&hellip;]<\/p>\n","protected":false},"author":2,"featured_media":105981,"comment_status":"closed","ping_status":"open","sticky":false,"template":"","format":"standard","meta":{"footnotes":"","_links_to":"","_links_to_target":""},"categories":[1],"tags":[],"class_list":["post-105979","post","type-post","status-publish","format-standard","has-post-thumbnail","hentry","category-geral"],"views":787,"_links":{"self":[{"href":"https:\/\/www.sudoestehoje.com.br\/novoportal\/wp-json\/wp\/v2\/posts\/105979","targetHints":{"allow":["GET"]}}],"collection":[{"href":"https:\/\/www.sudoestehoje.com.br\/novoportal\/wp-json\/wp\/v2\/posts"}],"about":[{"href":"https:\/\/www.sudoestehoje.com.br\/novoportal\/wp-json\/wp\/v2\/types\/post"}],"author":[{"embeddable":true,"href":"https:\/\/www.sudoestehoje.com.br\/novoportal\/wp-json\/wp\/v2\/users\/2"}],"replies":[{"embeddable":true,"href":"https:\/\/www.sudoestehoje.com.br\/novoportal\/wp-json\/wp\/v2\/comments?post=105979"}],"version-history":[{"count":4,"href":"https:\/\/www.sudoestehoje.com.br\/novoportal\/wp-json\/wp\/v2\/posts\/105979\/revisions"}],"predecessor-version":[{"id":105984,"href":"https:\/\/www.sudoestehoje.com.br\/novoportal\/wp-json\/wp\/v2\/posts\/105979\/revisions\/105984"}],"wp:featuredmedia":[{"embeddable":true,"href":"https:\/\/www.sudoestehoje.com.br\/novoportal\/wp-json\/wp\/v2\/media\/105981"}],"wp:attachment":[{"href":"https:\/\/www.sudoestehoje.com.br\/novoportal\/wp-json\/wp\/v2\/media?parent=105979"}],"wp:term":[{"taxonomy":"category","embeddable":true,"href":"https:\/\/www.sudoestehoje.com.br\/novoportal\/wp-json\/wp\/v2\/categories?post=105979"},{"taxonomy":"post_tag","embeddable":true,"href":"https:\/\/www.sudoestehoje.com.br\/novoportal\/wp-json\/wp\/v2\/tags?post=105979"}],"curies":[{"name":"wp","href":"https:\/\/api.w.org\/{rel}","templated":true}]}}