
{"id":105961,"date":"2022-11-08T10:30:36","date_gmt":"2022-11-08T13:30:36","guid":{"rendered":"https:\/\/www.sudoestehoje.com.br\/novoportal\/?p=105961"},"modified":"2022-11-08T20:01:50","modified_gmt":"2022-11-08T23:01:50","slug":"casa-da-familia-carletto-onde-lula-ficou-custa-r-600-mil-por-10-dias-de-hospedagem","status":"publish","type":"post","link":"https:\/\/www.sudoestehoje.com.br\/novoportal\/2022\/11\/08\/casa-da-familia-carletto-onde-lula-ficou-custa-r-600-mil-por-10-dias-de-hospedagem\/","title":{"rendered":"CASA DA FAM\u00cdLIA CARLETTO ONDE LULA FICOU CUSTA R$ 600 MIL POR 10 DIAS DE HOSPEDAGEM"},"content":{"rendered":"<p><a href=\"https:\/\/www.sudoestehoje.com.br\/novoportal\/wp-content\/uploads\/2022\/11\/IMAGEM_NOTICIA_5.jpg\"><img loading=\"lazy\" decoding=\"async\" class=\"aligncenter wp-image-105963\" src=\"https:\/\/www.sudoestehoje.com.br\/novoportal\/wp-content\/uploads\/2022\/11\/IMAGEM_NOTICIA_5.jpg\" alt=\"\" width=\"501\" height=\"369\" \/><\/a><\/p>\n<p>A mans\u00e3o no sul da Bahia onde Luiz In\u00e1cio Lula da Silva (PT) descansou logo ap\u00f3s derrotar Jair Bolsonaro (PL) no segundo turno das elei\u00e7\u00f5es presidenciais tem pedida de R$ 600 mil por apenas dez dias de hospedagem para quem deseja passar o per\u00edodo do pr\u00f3ximo r\u00e9veillon.<\/p>\n<p>A propriedade \u00e0 beira-mar pertence \u00e0 fam\u00edlia Carletto, que tem entre seus integrantes um deputado federal do Centr\u00e3o \u2014 Ronaldo Carletto, do PP baiano \u2013, e n\u00e3o costuma ser alugada ao longo do ano A informa\u00e7\u00e3o foi divulgada pelo\u00a0<a href=\"https:\/\/www.metropoles.com\/colunas\/rodrigo-rangel\/prepare-se-para-o-susto-quanto-custa-passar-o-reveillon-na-casa-de-praia-onde-lula-descansou\">Metr\u00f3poles<\/a>, parceiro do <em><strong>Bahia Not\u00edcias.<\/strong><\/em><\/p>\n<p>A casa fica na paradis\u00edaca Praia do Satu, na regi\u00e3o de Cara\u00edva, a pouco mais de 60 quil\u00f4metros ao sul da cidade de Porto Seguro, pelo caminho mais curto. O im\u00f3vel, encravado no alto de uma encosta, passou por uma boa reforma recentemente, pouco antes de hospedar o presidente eleito e sua esposa, a soci\u00f3loga Ros\u00e2ngela da Silva, a Janja.<\/p>\n<p>A propriedade conta com dez bangal\u00f4s privativos, sauna e ofur\u00f4. Como parte da \u00e1rea de lazer, h\u00e1 ainda um deck imenso, com piscina, espa\u00e7o gourmet e vista privilegiada do mar. Segundo os corretores, \u00e9 poss\u00edvel regatear o pre\u00e7o. A pedida \u00e9 de R$ 600 mil, mas eles dizem que com algum esfor\u00e7o d\u00e1 para convencer os propriet\u00e1rios a fechar a temporada de dez dias no Ano Novo por R$ 550 mil.<\/p>\n<p>Lula viajou para o sul da Bahia na ter\u00e7a-feira seguinte ao segundo turno. Ele retornou para S\u00e3o Paulo no s\u00e1bado.<\/p>\n","protected":false},"excerpt":{"rendered":"<p>A mans\u00e3o no sul da Bahia onde Luiz In\u00e1cio Lula da Silva (PT) descansou logo ap\u00f3s derrotar Jair Bolsonaro (PL) no segundo turno das elei\u00e7\u00f5es presidenciais tem pedida de R$ 600 mil por apenas dez dias de hospedagem para quem deseja passar o per\u00edodo do pr\u00f3ximo r\u00e9veillon. A propriedade \u00e0 beira-mar pertence \u00e0 fam\u00edlia Carletto, [&hellip;]<\/p>\n","protected":false},"author":2,"featured_media":105963,"comment_status":"closed","ping_status":"open","sticky":false,"template":"","format":"standard","meta":{"footnotes":"","_links_to":"","_links_to_target":""},"categories":[1],"tags":[],"class_list":["post-105961","post","type-post","status-publish","format-standard","has-post-thumbnail","hentry","category-geral"],"views":850,"_links":{"self":[{"href":"https:\/\/www.sudoestehoje.com.br\/novoportal\/wp-json\/wp\/v2\/posts\/105961","targetHints":{"allow":["GET"]}}],"collection":[{"href":"https:\/\/www.sudoestehoje.com.br\/novoportal\/wp-json\/wp\/v2\/posts"}],"about":[{"href":"https:\/\/www.sudoestehoje.com.br\/novoportal\/wp-json\/wp\/v2\/types\/post"}],"author":[{"embeddable":true,"href":"https:\/\/www.sudoestehoje.com.br\/novoportal\/wp-json\/wp\/v2\/users\/2"}],"replies":[{"embeddable":true,"href":"https:\/\/www.sudoestehoje.com.br\/novoportal\/wp-json\/wp\/v2\/comments?post=105961"}],"version-history":[{"count":3,"href":"https:\/\/www.sudoestehoje.com.br\/novoportal\/wp-json\/wp\/v2\/posts\/105961\/revisions"}],"predecessor-version":[{"id":105965,"href":"https:\/\/www.sudoestehoje.com.br\/novoportal\/wp-json\/wp\/v2\/posts\/105961\/revisions\/105965"}],"wp:featuredmedia":[{"embeddable":true,"href":"https:\/\/www.sudoestehoje.com.br\/novoportal\/wp-json\/wp\/v2\/media\/105963"}],"wp:attachment":[{"href":"https:\/\/www.sudoestehoje.com.br\/novoportal\/wp-json\/wp\/v2\/media?parent=105961"}],"wp:term":[{"taxonomy":"category","embeddable":true,"href":"https:\/\/www.sudoestehoje.com.br\/novoportal\/wp-json\/wp\/v2\/categories?post=105961"},{"taxonomy":"post_tag","embeddable":true,"href":"https:\/\/www.sudoestehoje.com.br\/novoportal\/wp-json\/wp\/v2\/tags?post=105961"}],"curies":[{"name":"wp","href":"https:\/\/api.w.org\/{rel}","templated":true}]}}