
{"id":105957,"date":"2022-11-08T09:07:51","date_gmt":"2022-11-08T12:07:51","guid":{"rendered":"https:\/\/www.sudoestehoje.com.br\/novoportal\/?p=105957"},"modified":"2022-11-08T10:38:44","modified_gmt":"2022-11-08T13:38:44","slug":"saude-boletins-sobre-covid-19-na-bahia-passam-a-ser-semanais-segundo-sesab","status":"publish","type":"post","link":"https:\/\/www.sudoestehoje.com.br\/novoportal\/2022\/11\/08\/saude-boletins-sobre-covid-19-na-bahia-passam-a-ser-semanais-segundo-sesab\/","title":{"rendered":"SA\u00daDE | BOLETINS SOBRE COVID-19 NA BAHIA PASSAM A SER SEMANAIS, SEGUNDO SESAB"},"content":{"rendered":"<p><a href=\"https:\/\/www.sudoestehoje.com.br\/novoportal\/wp-content\/uploads\/2022\/11\/vacina-influeza-covid-1.webp\"><img loading=\"lazy\" decoding=\"async\" class=\"aligncenter size-medium wp-image-105959\" src=\"https:\/\/www.sudoestehoje.com.br\/novoportal\/wp-content\/uploads\/2022\/11\/vacina-influeza-covid-1-500x263.webp\" alt=\"\" width=\"500\" height=\"263\" srcset=\"https:\/\/www.sudoestehoje.com.br\/novoportal\/wp-content\/uploads\/2022\/11\/vacina-influeza-covid-1-500x263.webp 500w, https:\/\/www.sudoestehoje.com.br\/novoportal\/wp-content\/uploads\/2022\/11\/vacina-influeza-covid-1-700x368.webp 700w, https:\/\/www.sudoestehoje.com.br\/novoportal\/wp-content\/uploads\/2022\/11\/vacina-influeza-covid-1-768x404.webp 768w, https:\/\/www.sudoestehoje.com.br\/novoportal\/wp-content\/uploads\/2022\/11\/vacina-influeza-covid-1.webp 1024w\" sizes=\"auto, (max-width: 500px) 100vw, 500px\" \/><\/a><\/p>\n<p>A Secretaria Estadual da Sa\u00fade (Sesab) informa que, diante do cen\u00e1rio de estabilidade de casos confirmados, casos ativos e \u00f3bitos da Covid-19 na Bahia, assim como do avan\u00e7o da vacina\u00e7\u00e3o contra a doen\u00e7a e a declara\u00e7\u00e3o, pelo Minist\u00e9rio da Sa\u00fade, do encerramento da Emerg\u00eancia em Sa\u00fade P\u00fablica de Import\u00e2ncia Nacional (ESPIN), no dia 22 de abril de 2022, decorrente da infec\u00e7\u00e3o humana causada pelo novo coronav\u00edrus, a publica\u00e7\u00e3o dos boletins epidemiol\u00f3gicos da Covid-19 no estado ser\u00e1 semanal. Os dados ser\u00e3o atualizados toda segunda-feira. Esta mudan\u00e7a em nada compromete a a\u00e7\u00e3o da vigil\u00e2ncia \u00e0 sa\u00fade no monitoramento da doen\u00e7a.<\/p>\n<p>Na Semana Epidemiol\u00f3gica 44 (de 30\/10\/2022 at\u00e9 05\/11\/2022) foram registrados 1.019 novos casos de COVID-19 (- 43,0% em rela\u00e7\u00e3o a SE anterior), uma m\u00e9dia de 896 casos ativos (+16,1% em rela\u00e7\u00e3o a SE anterior) e 8 \u00f3bitos foram notificados.<\/p>\n<p>Estes dados representam notifica\u00e7\u00f5es oficiais compiladas pela Diretoria de Vigil\u00e2ncia Epidemiol\u00f3gica em Sa\u00fade da Bahia (Divep-BA), em conjunto com as vigil\u00e2ncias municipais e as bases de dados do Minist\u00e9rio da Sa\u00fade.<\/p>\n<p>As informa\u00e7\u00f5es de imuniza\u00e7\u00e3o contra a Covid-19 continuar\u00e3o sendo disponibilizadas no Painel de Vacina\u00e7\u00e3o, no site\u00a0<strong><a href=\"https:\/\/bi.saude.ba.gov.br\/vacinacao\/\" target=\"_blank\" rel=\"noopener\">https:\/\/bi.saude.ba.gov.br\/vacinacao\/<\/a><\/strong>.<\/p>\n","protected":false},"excerpt":{"rendered":"<p>A Secretaria Estadual da Sa\u00fade (Sesab) informa que, diante do cen\u00e1rio de estabilidade de casos confirmados, casos ativos e \u00f3bitos da Covid-19 na Bahia, assim como do avan\u00e7o da vacina\u00e7\u00e3o contra a doen\u00e7a e a declara\u00e7\u00e3o, pelo Minist\u00e9rio da Sa\u00fade, do encerramento da Emerg\u00eancia em Sa\u00fade P\u00fablica de Import\u00e2ncia Nacional (ESPIN), no dia 22 de [&hellip;]<\/p>\n","protected":false},"author":2,"featured_media":105959,"comment_status":"closed","ping_status":"open","sticky":false,"template":"","format":"standard","meta":{"footnotes":"","_links_to":"","_links_to_target":""},"categories":[1],"tags":[],"class_list":["post-105957","post","type-post","status-publish","format-standard","has-post-thumbnail","hentry","category-geral"],"views":686,"_links":{"self":[{"href":"https:\/\/www.sudoestehoje.com.br\/novoportal\/wp-json\/wp\/v2\/posts\/105957","targetHints":{"allow":["GET"]}}],"collection":[{"href":"https:\/\/www.sudoestehoje.com.br\/novoportal\/wp-json\/wp\/v2\/posts"}],"about":[{"href":"https:\/\/www.sudoestehoje.com.br\/novoportal\/wp-json\/wp\/v2\/types\/post"}],"author":[{"embeddable":true,"href":"https:\/\/www.sudoestehoje.com.br\/novoportal\/wp-json\/wp\/v2\/users\/2"}],"replies":[{"embeddable":true,"href":"https:\/\/www.sudoestehoje.com.br\/novoportal\/wp-json\/wp\/v2\/comments?post=105957"}],"version-history":[{"count":2,"href":"https:\/\/www.sudoestehoje.com.br\/novoportal\/wp-json\/wp\/v2\/posts\/105957\/revisions"}],"predecessor-version":[{"id":105960,"href":"https:\/\/www.sudoestehoje.com.br\/novoportal\/wp-json\/wp\/v2\/posts\/105957\/revisions\/105960"}],"wp:featuredmedia":[{"embeddable":true,"href":"https:\/\/www.sudoestehoje.com.br\/novoportal\/wp-json\/wp\/v2\/media\/105959"}],"wp:attachment":[{"href":"https:\/\/www.sudoestehoje.com.br\/novoportal\/wp-json\/wp\/v2\/media?parent=105957"}],"wp:term":[{"taxonomy":"category","embeddable":true,"href":"https:\/\/www.sudoestehoje.com.br\/novoportal\/wp-json\/wp\/v2\/categories?post=105957"},{"taxonomy":"post_tag","embeddable":true,"href":"https:\/\/www.sudoestehoje.com.br\/novoportal\/wp-json\/wp\/v2\/tags?post=105957"}],"curies":[{"name":"wp","href":"https:\/\/api.w.org\/{rel}","templated":true}]}}